{"id":82913,"date":"2025-07-29T07:15:00","date_gmt":"2025-07-29T13:15:00","guid":{"rendered":"https:\/\/zonaroja.com.mx\/?p=82913"},"modified":"2025-07-29T06:48:35","modified_gmt":"2025-07-29T12:48:35","slug":"guelaguetza-2025-culmina-con-exito-y-con-saldo-blanco","status":"publish","type":"post","link":"https:\/\/zonaroja.com.mx\/?p=82913","title":{"rendered":"Guelaguetza 2025 culmina con \u00e9xito y con saldo blanco\u00a0"},"content":{"rendered":"\n<p>Redacci\u00f3n\/Zona Roja.<\/p>\n\n\n\n<p>Oaxaca, Oax., a 29 de julio de 2025.- M\u00e1s de 11 mil personas congregadas en la \u201cRotonda de la Azucena\u201d atestiguaron el deslumbrante cierre de la octava del Lunes del Cerro, cuyo \u00e9xito, fue la manifestaci\u00f3n viva de la cultura, m\u00fasica, canto, tradici\u00f3n, alegr\u00eda, fraternidad y entrega del pueblo de Oaxaca para el mundo.<\/p>\n\n\n\n<p>En su cuarta edici\u00f3n y \u00faltima del a\u00f1o, las delegaciones de las ocho regiones de la entidad hicieron vibrar los corazones de quienes asistieron y retumbaron con un \u00a1Viva Oaxaca! y \u00a1Viva la Guelaguetza!, desde el cerro de la Bella Vista, iluminado por una fiesta de luces y juegos pirot\u00e9cnicos.<\/p>\n\n\n\n<p>En la edici\u00f3n vespertina, el gobernador Salom\u00f3n Jara Cruz, quien asisti\u00f3 junto con la Presidenta Honoraria del Sistema DIF Oaxaca, Irma Bola\u00f1os Quijano; expres\u00f3 que estas presentaciones, que transcurrieron con paz y tranquilidad, demostraron una vez m\u00e1s la riqueza cultural de los 16 pueblos originarios y afromexicano que conforman la entidad. \u201cOaxaca nuevamente demuestra por qu\u00e9 es el coraz\u00f3n cultural de M\u00e9xico\u201d, resalt\u00f3.<\/p>\n\n\n\n<p>Tambi\u00e9n presenciaron esta celebraci\u00f3n el gobernador de Michoac\u00e1n, Alfredo Ram\u00edrez Bedolla; la exdirectora de Fomento Cultural Banamex, C\u00e1ndida Fern\u00e1ndez de Calder\u00f3n; el director general del Instituto Mexicano de la Juventud, Abraham Eugenio Carro Toledo; el director del Corredor Interoce\u00e1nico del Istmo de Tehuantepec (CIIT), Octavio S\u00e1nchez Guill\u00e9n; el arzobispo de Antequera, Pedro V\u00e1zquez Villalobos, as\u00ed como titulares de las secretar\u00edas de Turismo de diversos estados y representantes de los gobiernos federal, estatal y municipal.<\/p>\n\n\n\n<p>El Cerro del \u201cFort\u00edn\u201d y la ciudad de Oaxaca de Ju\u00e1rez se iluminaron con una presentaci\u00f3n sin igual de luces y juegos pirot\u00e9cnicos que despidieron esta celebraci\u00f3n, considerada la m\u00e1s importante de Latinoam\u00e9rica, y en donde en un popurr\u00ed de canciones oaxaque\u00f1as el gobernador\u00a0 Jara Cruz bail\u00f3 y convivi\u00f3 con las delegaciones a quienes les reconoci\u00f3 su aportaci\u00f3n en la preservaci\u00f3n y engrandecimiento de esta festividad.<\/p>\n\n\n\n<figure class=\"wp-block-image size-full\"><img decoding=\"async\" width=\"800\" height=\"533\" src=\"https:\/\/zonaroja.com.mx\/wp-content\/uploads\/2025\/07\/Oaxaca-celebra-con-orgullo-la-Octava-del-Lunes-del-Cerro-encuentro-de-hermandad-y-tradicion-13.jpeg\" alt=\"\" class=\"wp-image-82914\" srcset=\"https:\/\/zonaroja.com.mx\/wp-content\/uploads\/2025\/07\/Oaxaca-celebra-con-orgullo-la-Octava-del-Lunes-del-Cerro-encuentro-de-hermandad-y-tradicion-13.jpeg 800w, https:\/\/zonaroja.com.mx\/wp-content\/uploads\/2025\/07\/Oaxaca-celebra-con-orgullo-la-Octava-del-Lunes-del-Cerro-encuentro-de-hermandad-y-tradicion-13-300x200.jpeg 300w, https:\/\/zonaroja.com.mx\/wp-content\/uploads\/2025\/07\/Oaxaca-celebra-con-orgullo-la-Octava-del-Lunes-del-Cerro-encuentro-de-hermandad-y-tradicion-13-768x512.jpeg 768w, https:\/\/zonaroja.com.mx\/wp-content\/uploads\/2025\/07\/Oaxaca-celebra-con-orgullo-la-Octava-del-Lunes-del-Cerro-encuentro-de-hermandad-y-tradicion-13-585x390.jpeg 585w, https:\/\/zonaroja.com.mx\/wp-content\/uploads\/2025\/07\/Oaxaca-celebra-con-orgullo-la-Octava-del-Lunes-del-Cerro-encuentro-de-hermandad-y-tradicion-13-263x175.jpeg 263w\" sizes=\"(max-width: 800px) 100vw, 800px\" \/><\/figure>\n\n\n\n<p>EDICI\u00d3N MATUTINA<\/p>\n\n\n\n<p>Por la ma\u00f1ana, con la fuerza de sus ra\u00edces y la alegr\u00eda de su diversidad, miles de asistentes locales, nacionales e internacionales vivieron la Octava del Lunes del Cerro, desde el majestuoso cerro del Fort\u00edn. Una fiesta de hermandad que reafirm\u00f3 a Oaxaca como el coraz\u00f3n cultural de M\u00e9xico.<\/p>\n\n\n\n<p>Las 16 culturas originarias y el pueblo afromexicano compartieron sus danzas, m\u00fasica, vestimenta y tradiciones en una celebraci\u00f3n que honra el esp\u00edritu de la gueza: compartir.&nbsp;<\/p>\n\n\n\n<p>Al encabezar la edici\u00f3n 93 de la m\u00e1xima fiesta de las y los oaxaque\u00f1os, la representante de la Diosa Cent\u00e9otl 2025, Patricia Casiano Zaragoza destac\u00f3 que en la Guelaguetza las regiones se unen para celebrar la m\u00fasica, el baile y la danza.<\/p>\n\n\n\n<p>El encuentro multicolor tambi\u00e9n fue presenciado por la secretaria de Cultura del Gobierno de M\u00e9xico, Claudia Curiel de Icaza; la titular del Sistema Nacional DIF, Mar\u00eda del Roc\u00edo Garc\u00eda P\u00e9rez; los embajadores de Kuwait en M\u00e9xico, Salah Suleiman Al-Haddad y del Reino de los Pa\u00edses Bajos en M\u00e9xico, Wilfred Theo Mohr.&nbsp;<\/p>\n\n\n\n<p>As\u00ed como los directores generales de Aeropuertos y Servicios Auxiliares (ASA), Carlos Manuel Merino Campos y del Instituto Nacional de Antropolog\u00eda e Historia (INAH), Joel Omar V\u00e1zquez Herrera; Alfredo Harp Hel\u00fa e Isabel Gra\u00f1\u00e9n Porr\u00faa.<\/p>\n","protected":false},"excerpt":{"rendered":"<p>Redacci\u00f3n\/Zona Roja. Oaxaca, Oax., a 29 de julio de 2025.- M\u00e1s de 11 mil personas&hellip;<\/p>\n","protected":false},"author":2,"featured_media":82915,"comment_status":"closed","ping_status":"open","sticky":false,"template":"","format":"standard","meta":{"_lmt_disableupdate":"","_lmt_disable":"","_jetpack_memberships_contains_paid_content":false,"footnotes":""},"categories":[109,46],"tags":[2787],"class_list":["post-82913","post","type-post","status-publish","format-standard","has-post-thumbnail","hentry","category-minuto-a-minuto","category-zona-blanca","tag-guelaguetza-oaxaca"],"jetpack_featured_media_url":"https:\/\/zonaroja.com.mx\/wp-content\/uploads\/2025\/07\/GUELAGUETZA-2025-EV-10.jpeg","jetpack_sharing_enabled":true,"_links":{"self":[{"href":"https:\/\/zonaroja.com.mx\/index.php?rest_route=\/wp\/v2\/posts\/82913","targetHints":{"allow":["GET"]}}],"collection":[{"href":"https:\/\/zonaroja.com.mx\/index.php?rest_route=\/wp\/v2\/posts"}],"about":[{"href":"https:\/\/zonaroja.com.mx\/index.php?rest_route=\/wp\/v2\/types\/post"}],"author":[{"embeddable":true,"href":"https:\/\/zonaroja.com.mx\/index.php?rest_route=\/wp\/v2\/users\/2"}],"replies":[{"embeddable":true,"href":"https:\/\/zonaroja.com.mx\/index.php?rest_route=%2Fwp%2Fv2%2Fcomments&post=82913"}],"version-history":[{"count":1,"href":"https:\/\/zonaroja.com.mx\/index.php?rest_route=\/wp\/v2\/posts\/82913\/revisions"}],"predecessor-version":[{"id":82916,"href":"https:\/\/zonaroja.com.mx\/index.php?rest_route=\/wp\/v2\/posts\/82913\/revisions\/82916"}],"wp:featuredmedia":[{"embeddable":true,"href":"https:\/\/zonaroja.com.mx\/index.php?rest_route=\/wp\/v2\/media\/82915"}],"wp:attachment":[{"href":"https:\/\/zonaroja.com.mx\/index.php?rest_route=%2Fwp%2Fv2%2Fmedia&parent=82913"}],"wp:term":[{"taxonomy":"category","embeddable":true,"href":"https:\/\/zonaroja.com.mx\/index.php?rest_route=%2Fwp%2Fv2%2Fcategories&post=82913"},{"taxonomy":"post_tag","embeddable":true,"href":"https:\/\/zonaroja.com.mx\/index.php?rest_route=%2Fwp%2Fv2%2Ftags&post=82913"}],"curies":[{"name":"wp","href":"https:\/\/api.w.org\/{rel}","templated":true}]}}