{"id":82919,"date":"2025-07-29T08:15:00","date_gmt":"2025-07-29T14:15:00","guid":{"rendered":"https:\/\/zonaroja.com.mx\/?p=82919"},"modified":"2025-07-29T15:32:19","modified_gmt":"2025-07-29T21:32:19","slug":"registra-oaxaca-13-casos-de-violencia-politica-este-ano","status":"publish","type":"post","link":"https:\/\/zonaroja.com.mx\/?p=82919","title":{"rendered":"Registra Oaxaca 13 cr\u00edmenes por violencia pol\u00edtica este a\u00f1o"},"content":{"rendered":"\n<p>Lisbeth Mej\u00eda Reyes\/Zona Roja.<\/p>\n\n\n\n<p>Oaxaca, Oax., a 29 de julio de 2025.- La violencia pol\u00edtica ha cobrado la vida de 13 personas en el primer semestre del 2025 en el estado de Oaxaca, lo que ubica a la entidad como la tercera m\u00e1s letal del pa\u00eds, de acuerdo con el informe de la consultor\u00eda Integralia.<\/p>\n\n\n\n<p>Uno de los casos m\u00e1s emblem\u00e1ticos es el asesinato de la primera presidenta municipal de San Mateo Pi\u00f1as, Lilia Gema Garc\u00eda Soto, a quien un comando armado le arrebat\u00f3 la vida el pasado 15 de junio. Con ella, tambi\u00e9n fue asesinado el agente de Agua Caliente, Gregorio Garc\u00eda Ruiz.&nbsp;<\/p>\n\n\n\n<p>De acuerdo con el registro hemerogr\u00e1fico de la consultora, en el pa\u00eds se han perpetrado 112 homicidios de aspirantes a candidaturas, candidatos y funcionarios de gobierno entre enero y junio.&nbsp;<\/p>\n\n\n\n<p>En su mayor\u00eda, adscritos al partido Morena, aunque otros como Lilia Gema, sin filiaci\u00f3n pol\u00edtica, pero del \u00e1mbito municipal, que es el m\u00e1s afectado por esta violencia.<\/p>\n\n\n\n<p>Los estados m\u00e1s letales para quienes aspiran o ejercen un cargo p\u00fablico son: Veracruz, que ocupa el primer lugar en letalidad por 21 asesinatos de pol\u00edticos; Guerrero, con 16; Oaxaca, con 13, y Morelos, con 9.&nbsp;<\/p>\n\n\n\n<p>Estos cuatro estados concentran m\u00e1s de la mitad (53 por ciento) de los homicidios relacionados con violencia pol\u00edtica, de acuerdo con la consultora.<\/p>\n\n\n\n<p>\u00abLos homicidios se focalizaron en el centro y sur del pa\u00eds, en estados con fuerte fragmentaci\u00f3n del crimen organizado\u00bb, apunta la consultora.&nbsp;<\/p>\n\n\n\n<p>Por el asesinato de Lilia Gema, quien fue elegida por la asamblea comunitaria, a\u00fan no hay ning\u00fan detenido, pero el temor por su seguridad y la de sus familias ha hecho que el resto del cabildo (5 concejales) renunciara.&nbsp;<\/p>\n\n\n\n<p>Esto ha llevado al Congreso de Oaxaca a decretar el pasado mi\u00e9rcoles la desaparici\u00f3n del ayuntamiento en este municipio de la regi\u00f3n Costa.<\/p>\n\n\n\n<p>En el estado y antes de Lilia Gema y el agente Gregorio Garc\u00eda, el 15 de mayo fue asesinado el edil de Santiago Amoltepec, Mario Hern\u00e1ndez Garc\u00eda. El 10 de mayo fue ultimado el regidor de educaci\u00f3n y ex candidato a la presidencia municipal de Santiago Niltepec por el Partido del Trabajo, David Castillejos Cruz.<\/p>\n\n\n\n<p>El 13 de febrero fue asesinado a balazos Constantino Soriano, regidor de hacienda de San Miguel Panixtlahuaca, regi\u00f3n Costa.&nbsp;<\/p>\n\n\n\n<p>Estos son solo algunos de los 13 asesinatos relacionados con la violencia pol\u00edtica en Oaxaca, aunque tambi\u00e9n se han registrado otros 7 ataques y agresiones, por lo que en total Oaxaca acumul\u00f3 20 incidentes de violencia pol\u00edtica en el primer semestre del a\u00f1o.<\/p>\n\n\n\n<p>Por \u00abviolencia pol\u00edtica se entiende todo tipo de agresiones contra actores que &nbsp;participan en procesos electorales o que ya ocupan cargos p\u00fablicos para influir en&nbsp;los resultados electorales y\/o fomentar la imposici\u00f3n de reg\u00edmenes criminales por&nbsp;medio de la fuerza: asesinatos, atentados, amenazas, secuestros, desapariciones y&nbsp;cualquier otro mecanismo que produzca da\u00f1o f\u00edsico o emocional\u00bb, explica Integralia.<\/p>\n\n\n\n<p>EN EL PA\u00cdS<\/p>\n\n\n\n<p>En el pa\u00eds, otros de los casos destacados de asesinatos de pol\u00edticos son los de Martha Laura Mendoza Mendoza, presidenta municipal de Tepalcatepec, Michoac\u00e1n (partido Morena); Cecilia Ruvalcaba, regidora de Teocaltiche, Jalisco (Movimiento Ciudadano); as\u00ed como los de Ximena Garc\u00eda y Jos\u00e9 Mu\u00f1oz, ambas de Morena y que se desempe\u00f1aban como secretaria particular y asesores de Clara Brugada, jefa de gobierno de la Ciudad de M\u00e9xico.<\/p>\n\n\n\n<p>Considerando todas las formas de violencia pol\u00edtica, en el pa\u00eds se registraron 200 incidentes entre enero y junio, seg\u00fan el reporte de Integralia. La mayor\u00eda se concentraron en el centro y sur del pa\u00eds, destacando Veracruz, que tuvo elecciones de ayuntamientos en junio y en donde se reportaron 81 casos de violencia pol\u00edtica.<\/p>\n\n\n\n<p>Adem\u00e1s de Guerrero (24), Morelos (21) y Oaxaca (20), \u00abpues pese a que no tuvieron comicios, mantuvieron niveles altos de violencia. Estas cuatro entidades se encuentran actualmente en medio de disputas de varias organizaciones delictivas que pelean por su control\u00bb, se\u00f1ala Integralia.<\/p>\n","protected":false},"excerpt":{"rendered":"<p>Lisbeth Mej\u00eda Reyes\/Zona Roja. Oaxaca, Oax., a 29 de julio de 2025.- La violencia pol\u00edtica&hellip;<\/p>\n","protected":false},"author":2,"featured_media":66346,"comment_status":"closed","ping_status":"open","sticky":false,"template":"","format":"standard","meta":{"_lmt_disableupdate":"","_lmt_disable":"","_jetpack_memberships_contains_paid_content":false,"footnotes":""},"categories":[109,47],"tags":[4376],"class_list":["post-82919","post","type-post","status-publish","format-standard","has-post-thumbnail","hentry","category-minuto-a-minuto","category-zona-gris","tag-violencia-politica-oaxaca"],"jetpack_featured_media_url":"https:\/\/zonaroja.com.mx\/wp-content\/uploads\/2024\/03\/Violencia-politica-1.jpeg","jetpack_sharing_enabled":true,"_links":{"self":[{"href":"https:\/\/zonaroja.com.mx\/index.php?rest_route=\/wp\/v2\/posts\/82919","targetHints":{"allow":["GET"]}}],"collection":[{"href":"https:\/\/zonaroja.com.mx\/index.php?rest_route=\/wp\/v2\/posts"}],"about":[{"href":"https:\/\/zonaroja.com.mx\/index.php?rest_route=\/wp\/v2\/types\/post"}],"author":[{"embeddable":true,"href":"https:\/\/zonaroja.com.mx\/index.php?rest_route=\/wp\/v2\/users\/2"}],"replies":[{"embeddable":true,"href":"https:\/\/zonaroja.com.mx\/index.php?rest_route=%2Fwp%2Fv2%2Fcomments&post=82919"}],"version-history":[{"count":2,"href":"https:\/\/zonaroja.com.mx\/index.php?rest_route=\/wp\/v2\/posts\/82919\/revisions"}],"predecessor-version":[{"id":82936,"href":"https:\/\/zonaroja.com.mx\/index.php?rest_route=\/wp\/v2\/posts\/82919\/revisions\/82936"}],"wp:featuredmedia":[{"embeddable":true,"href":"https:\/\/zonaroja.com.mx\/index.php?rest_route=\/wp\/v2\/media\/66346"}],"wp:attachment":[{"href":"https:\/\/zonaroja.com.mx\/index.php?rest_route=%2Fwp%2Fv2%2Fmedia&parent=82919"}],"wp:term":[{"taxonomy":"category","embeddable":true,"href":"https:\/\/zonaroja.com.mx\/index.php?rest_route=%2Fwp%2Fv2%2Fcategories&post=82919"},{"taxonomy":"post_tag","embeddable":true,"href":"https:\/\/zonaroja.com.mx\/index.php?rest_route=%2Fwp%2Fv2%2Ftags&post=82919"}],"curies":[{"name":"wp","href":"https:\/\/api.w.org\/{rel}","templated":true}]}}