{"id":82924,"date":"2025-07-29T12:15:00","date_gmt":"2025-07-29T18:15:00","guid":{"rendered":"https:\/\/zonaroja.com.mx\/?p=82924"},"modified":"2025-07-29T07:31:07","modified_gmt":"2025-07-29T13:31:07","slug":"opinion-de-la-vallistocracia-a-los-appo-burgueses","status":"publish","type":"post","link":"https:\/\/zonaroja.com.mx\/?p=82924","title":{"rendered":"Opini\u00f3n. De la vallistocracia a los APPO-burgueses"},"content":{"rendered":"\n<p>N\u00e9stor Y. S\u00e1nchez Islas.<\/p>\n\n\n\n<p>Las sociedades no son est\u00e1ticas,&nbsp;evolucionan con el paso de los a\u00f1os. Se transforman y, en esa lucha por el cambio, hay estructuras que se disuelvan hasta desaparecer o se destruyen de manera violenta. Nuestra tierra no es ajena a los cambios en los modos de producci\u00f3n y eso ha provocado visibles alteraciones en nuestras vidas.&nbsp;<\/p>\n\n\n\n<p>Una forma sencilla de apreciarlo es observar la desaparici\u00f3n de algunos oficios que hoy ya no son rentables, como los viejos zapateros, alfareros o impresores que se resguardan ahora en la producci\u00f3n artesanal para sobrevivir.<\/p>\n\n\n\n<p>En la historia moderna de Oaxaca, como la de todo el pa\u00eds, fue notoria la creaci\u00f3n de una nueva elite econ\u00f3mica a partir de la Independencia y la Reforma.&nbsp;<\/p>\n\n\n\n<p>Llegaron migrantes europeos que, trayendo conocimientos y capital de sus pa\u00edses, se apoderaron de las principales actividades econ\u00f3micas. La miner\u00eda, los ferrocarriles y el gran comercio qued\u00f3 en manos de espa\u00f1oles, ingleses o franceses, mayoritariamente.&nbsp;<\/p>\n\n\n\n<p>Respaldos por su blanquitud y sus apellidos extranjeros, crearon una burbuja&nbsp;cerrada a la que los oaxaque\u00f1os terminaron por&nbsp;llamarla&nbsp;vallistocracia.<\/p>\n\n\n\n<p>Esta famosa vallistocracia fue la protagonista de nuestra historia hasta hace unos 50 a\u00f1os.&nbsp;<\/p>\n\n\n\n<p>Para estudiar en las buenas instituciones y progresar en la vida era casi indispensable ser parte de ellos o emparentar&nbsp;a&nbsp;trav\u00e9s de matrimonios que conservaran para la posteridad el buen&nbsp;apellido&nbsp;heredado. La vallistocracia fue el referente social y econ\u00f3mico de nuestras vidas.<\/p>\n\n\n\n<p>Fue la rebeli\u00f3n mundial de finales de los a\u00f1os 60 que inici\u00f3 con el fin de esta cerrada elite. Los nuevos pensadores y fil\u00f3sofos, a trav\u00e9s de sus ideas, abrieron los ojos de las juventudes de entonces que se dieron a la tarea de combatir a estos privilegiados, algunas veces de manera violenta, algunas otras de forma pol\u00edtica.<\/p>\n\n\n\n<p>Como parte de esas luchas, en Oaxaca surgieron movimientos que se asimilaron en la universidad y el magisterio, movimientos que muy pronto se pervirtieron y prostituyeron pata terminar siendo el asco que son hoy.<\/p>\n\n\n\n<p>De esos movimientos surgieron mercenarios que, disfrazados de redentores, se apropiaron no solo de las calles sino de algo mucho m\u00e1s poderoso: el discurso. As\u00ed fue, ellos se asumieron herederos y v\u00edctimas eternas, despose\u00eddos, discriminados y vejados y, con ese rollo por delante, avanzaron pol\u00edticamente prometiendo un nuevo pa\u00eds m\u00e1s justo.&nbsp;Apenas en 2006 surgi\u00f3 la APPO, colectivo que aglutin\u00f3 a quienes hoy detentan el poder.<\/p>\n\n\n\n<p>\u00bfC\u00f3mo llegaron al poder? A trav\u00e9s de su discurso machac\u00f3n y redentor convencieron a la gente de que viv\u00edamos el peor momento de nuestra historia y que ellos era la soluci\u00f3n para regenerarnos, como lo se\u00f1ala el nombre de su movimiento.&nbsp;<\/p>\n\n\n\n<p>La degeneraci\u00f3n que ellos ve\u00edan en otros, la corrupci\u00f3n, la injusticia, el racismo y&nbsp;el&nbsp;clasismo fueron palabras legitimadoras, pero&nbsp;huecas.<\/p>\n\n\n\n<p>Parece un hecho sin trascendencia, pero tiene m\u00e1s simbolismo que solo quedar como una an\u00e9cdota m\u00e1s de las redes sociales.&nbsp;<\/p>\n\n\n\n<p>El r\u00e9gimen primaveral trajo a un artista&nbsp;conocido&nbsp;entre los j\u00f3venes&nbsp;de nombre&nbsp;Siddhartha. Desde muy temprano, cientos de&nbsp;ellosllegaron&nbsp;a la Alameda para apartar su lugar. No repararon en&nbsp;que el gobierno hab\u00eda mandado poner un corral para sus invitados VIP: hijos de pol\u00edticos y funcionarios&nbsp;APPO-burgueses que no deber\u00edan juntarse con el pueblo ni tener que esperara horas bajo el sol.<\/p>\n\n\n\n<p>Su&nbsp;corral&nbsp;era el&nbsp;lugar privilegiado,&nbsp;frente al escenario. Cuando los asistentes se dieron cuenta&nbsp;de la discriminaci\u00f3n, no lo toleraron&nbsp;y con rechiflas, recordatorios familiares, basura, agua y envases, los corrieron a grito destemplado, los obligaron a irse ante la amenaza de que aquello pudiera escalar a un linchamiento.<\/p>\n\n\n\n<p>Este hecho se\u00f1ala claramente la visi\u00f3n de la nueva elite en el poder. Son tan excluyentes y discriminadores como los anteriores, pero peores porque est\u00e1n cargados de resentimiento destructor y, en sus locas cabezas, se creen el cuento de que son luchadore sociales, indigenistas&nbsp;y merecedores de homenajes y reconocimientos.<\/p>\n\n\n\n<p>El verdadero riesgo de la nueva elite en construcci\u00f3n no radica en el uso de los costosos veh\u00edculos, traslados en helic\u00f3pteros, construcciones ostentosas o mal gusto&nbsp;para vestir&nbsp;sino en la creaci\u00f3n de una mentalidad&nbsp;proclive&nbsp;al odio y al crimen organizado en la que se normaliza todo aquello que nunca debe ser parte de nuestra vida diaria.<\/p>\n\n\n\n<p>A esta nueva burgues\u00eda, amante de&nbsp;ideolog\u00edas&nbsp;a\u00f1ejas y caducas como lo demuestra su nostalgia por Fidel Castro y el Che Guevara, no le importa la educaci\u00f3n sino la manipulaci\u00f3n ideol\u00f3gica;&nbsp;no le importa la infraestructura, ni la innovaci\u00f3n, ni la ciencia, ni la tecnolog\u00eda. Solo quieren poder y dinero.&nbsp;Es un peligro que ellos moldeen a las generaciones venideras puesto que nada pueden aportar.<\/p>\n\n\n\n<p>\u00a1Adi\u00f3s, vallistocracia, salve APPO-burgueses!<\/p>\n\n\n\n<p>nestoryuri@yahoo.com<\/p>\n","protected":false},"excerpt":{"rendered":"<p>N\u00e9stor Y. S\u00e1nchez Islas. Las sociedades no son est\u00e1ticas,&nbsp;evolucionan con el paso de los a\u00f1os.&hellip;<\/p>\n","protected":false},"author":2,"featured_media":67897,"comment_status":"closed","ping_status":"open","sticky":false,"template":"","format":"standard","meta":{"_lmt_disableupdate":"","_lmt_disable":"","_jetpack_memberships_contains_paid_content":false,"footnotes":""},"categories":[456,109],"tags":[3050],"class_list":["post-82924","post","type-post","status-publish","format-standard","has-post-thumbnail","hentry","category-columna","category-minuto-a-minuto","tag-nestor-yuri-sanchez"],"jetpack_featured_media_url":"https:\/\/zonaroja.com.mx\/wp-content\/uploads\/2024\/05\/Opinion-Nestor-Yuri-Sanchez.jpeg","jetpack_sharing_enabled":true,"_links":{"self":[{"href":"https:\/\/zonaroja.com.mx\/index.php?rest_route=\/wp\/v2\/posts\/82924","targetHints":{"allow":["GET"]}}],"collection":[{"href":"https:\/\/zonaroja.com.mx\/index.php?rest_route=\/wp\/v2\/posts"}],"about":[{"href":"https:\/\/zonaroja.com.mx\/index.php?rest_route=\/wp\/v2\/types\/post"}],"author":[{"embeddable":true,"href":"https:\/\/zonaroja.com.mx\/index.php?rest_route=\/wp\/v2\/users\/2"}],"replies":[{"embeddable":true,"href":"https:\/\/zonaroja.com.mx\/index.php?rest_route=%2Fwp%2Fv2%2Fcomments&post=82924"}],"version-history":[{"count":1,"href":"https:\/\/zonaroja.com.mx\/index.php?rest_route=\/wp\/v2\/posts\/82924\/revisions"}],"predecessor-version":[{"id":82925,"href":"https:\/\/zonaroja.com.mx\/index.php?rest_route=\/wp\/v2\/posts\/82924\/revisions\/82925"}],"wp:featuredmedia":[{"embeddable":true,"href":"https:\/\/zonaroja.com.mx\/index.php?rest_route=\/wp\/v2\/media\/67897"}],"wp:attachment":[{"href":"https:\/\/zonaroja.com.mx\/index.php?rest_route=%2Fwp%2Fv2%2Fmedia&parent=82924"}],"wp:term":[{"taxonomy":"category","embeddable":true,"href":"https:\/\/zonaroja.com.mx\/index.php?rest_route=%2Fwp%2Fv2%2Fcategories&post=82924"},{"taxonomy":"post_tag","embeddable":true,"href":"https:\/\/zonaroja.com.mx\/index.php?rest_route=%2Fwp%2Fv2%2Ftags&post=82924"}],"curies":[{"name":"wp","href":"https:\/\/api.w.org\/{rel}","templated":true}]}}