{"id":8293,"date":"2020-02-01T14:49:56","date_gmt":"2020-02-01T20:49:56","guid":{"rendered":"http:\/\/www.zonaroja.com.mx\/?p=8293"},"modified":"2020-02-01T14:49:59","modified_gmt":"2020-02-01T20:49:59","slug":"inicia-febrero-violento-en-oaxaca-con-herido-de-bala-y-atraco-por-80-mil","status":"publish","type":"post","link":"https:\/\/zonaroja.com.mx\/?p=8293","title":{"rendered":"Inicia febrero violento en Oaxaca con herido de bala y atraco por $80 mil"},"content":{"rendered":"\n<p>Ismael Garc\u00eda M.\/Zona Roja.<\/p>\n\n\n\n<p>Oaxaca de Ju\u00e1rez, Oax., El primer d\u00eda\nde febrero inici\u00f3 tambi\u00e9n con violencia en Oaxaca. En la capital oaxaque\u00f1a y su\nzona conurbada, esta ma\u00f1ana se registr\u00f3 un ataque armado con saldo de un\nlesionado, as\u00ed como un asalto cuentahabiente con bot\u00edn de 80 mil pesos.<\/p>\n\n\n\n<p>Alrededor del mediod\u00eda, en la calle Vicente Guerrero de la agencia de Candiani, fue baleado un individuo, identificado como Jes\u00fas Alberto Mart\u00ednez Gonz\u00e1lez, de aproximadamente 24 a\u00f1os de edad.<\/p>\n\n\n\n<figure class=\"wp-block-embed-twitter wp-block-embed is-type-rich is-provider-twitter\"><div class=\"wp-block-embed__wrapper\">\n<div class=\"twitter-tweet\"><blockquote class=\"twitter-tweet\" data-lang=\"es\"><p lang=\"es\" dir=\"ltr\"><a href=\"https:\/\/twitter.com\/hashtag\/OaxacaRojo?src=hash&amp;ref_src=twsrc%5Etfw\">#OaxacaRojo<\/a><br>Imparable la violencia en la ciudad de <a href=\"https:\/\/twitter.com\/hashtag\/Oaxaca?src=hash&amp;ref_src=twsrc%5Etfw\">#Oaxaca<\/a>; lesionan con disparos de arma de fuego a un individuo en la agencia de Candiani; los trasladan a un hospital de la capital. Sigue la nula presencia de <a href=\"https:\/\/twitter.com\/MunicipioSeguro?ref_src=twsrc%5Etfw\">@MunicipioSeguro<\/a>. <a href=\"https:\/\/t.co\/oDirXEGcfC\">pic.twitter.com\/oDirXEGcfC<\/a><\/p>&mdash; Zona Roja Oaxaca (@MexRoja) <a href=\"https:\/\/twitter.com\/MexRoja\/status\/1223679869835337728?ref_src=twsrc%5Etfw\">1 de febrero de 2020<\/a><\/blockquote><\/div>\n<\/div><\/figure>\n\n\n\n<p>Fue agredido por individuos que se\ntrasladaban en una camioneta marca Toyota, que abandonaron en el sitio; el\nhombre pudo escapar y pedir auxilio a param\u00e9dicos del Heroico Cuerpo de\nBomberos, Estaci\u00f3n Sur, que lo atendieron y trasladaron a un hospital.<\/p>\n\n\n\n<p>Personal de la Agencia Estatal de Investigaciones arrib\u00f3 al lugar de los hechos para iniciar las indagatorias correspondientes, en tanto que polic\u00edas buscan a los atacantes.<\/p>\n\n\n\n<figure class=\"wp-block-embed-twitter wp-block-embed is-type-rich is-provider-twitter\"><div class=\"wp-block-embed__wrapper\">\n<div class=\"twitter-tweet\"><blockquote class=\"twitter-tweet\" data-lang=\"es\"><p lang=\"es\" dir=\"ltr\"><a href=\"https:\/\/twitter.com\/hashtag\/OaxacaRojo?src=hash&amp;ref_src=twsrc%5Etfw\">#OaxacaRojo<\/a><br>Personal de la <a href=\"https:\/\/twitter.com\/AEI_Oaxaca?ref_src=twsrc%5Etfw\">@AEI_Oaxaca<\/a>, dependiente de la <a href=\"https:\/\/twitter.com\/FISCALIA_GobOax?ref_src=twsrc%5Etfw\">@FISCALIA_GobOax<\/a>, permanece en la agencia de Candiani, ciudad de Oaxaca, donde recaba elementos de prueba, tras el ataque armado a una persona. <a href=\"https:\/\/t.co\/HHRAZTYytQ\">pic.twitter.com\/HHRAZTYytQ<\/a><\/p>&mdash; Zona Roja Oaxaca (@MexRoja) <a href=\"https:\/\/twitter.com\/MexRoja\/status\/1223707165505933312?ref_src=twsrc%5Etfw\">1 de febrero de 2020<\/a><\/blockquote><\/div>\n<\/div><\/figure>\n\n\n\n<p>EN\u00c9SIMO ASALTO<\/p>\n\n\n\n<p>En tanto, en la misma zona pero sobre la\navenida Universidad casi esquina con S\u00edmbolos Patrios, en la colindancia de la\ncapital con Santa Cruz Xoxocotl\u00e1n, un sujeto fue asaltado.<\/p>\n\n\n\n<p>Al parecer fue un solitario asaltante\nque amag\u00f3 a Iv\u00e1n G. con un arma de fuego y le rob\u00f3 la cantidad de 80 mil 600\npesos que reci\u00e9n hab\u00eda retirado de una sucursal bancaria de la zona comercial\nPlaza del Valle; no fue localizado el presunto delincuente.<\/p>\n","protected":false},"excerpt":{"rendered":"<p>Ismael Garc\u00eda M.\/Zona Roja. Oaxaca de Ju\u00e1rez, Oax., El primer d\u00eda de febrero inici\u00f3 tambi\u00e9n&hellip;<\/p>\n","protected":false},"author":2,"featured_media":8294,"comment_status":"closed","ping_status":"open","sticky":false,"template":"","format":"standard","meta":{"_lmt_disableupdate":"","_lmt_disable":"","_jetpack_memberships_contains_paid_content":false,"footnotes":""},"categories":[109,51],"tags":[],"class_list":["post-8293","post","type-post","status-publish","format-standard","has-post-thumbnail","hentry","category-minuto-a-minuto","category-zona-roja"],"jetpack_featured_media_url":"https:\/\/zonaroja.com.mx\/wp-content\/uploads\/2020\/02\/herido-Candiani.jpg","jetpack_sharing_enabled":true,"_links":{"self":[{"href":"https:\/\/zonaroja.com.mx\/index.php?rest_route=\/wp\/v2\/posts\/8293","targetHints":{"allow":["GET"]}}],"collection":[{"href":"https:\/\/zonaroja.com.mx\/index.php?rest_route=\/wp\/v2\/posts"}],"about":[{"href":"https:\/\/zonaroja.com.mx\/index.php?rest_route=\/wp\/v2\/types\/post"}],"author":[{"embeddable":true,"href":"https:\/\/zonaroja.com.mx\/index.php?rest_route=\/wp\/v2\/users\/2"}],"replies":[{"embeddable":true,"href":"https:\/\/zonaroja.com.mx\/index.php?rest_route=%2Fwp%2Fv2%2Fcomments&post=8293"}],"version-history":[{"count":1,"href":"https:\/\/zonaroja.com.mx\/index.php?rest_route=\/wp\/v2\/posts\/8293\/revisions"}],"predecessor-version":[{"id":8295,"href":"https:\/\/zonaroja.com.mx\/index.php?rest_route=\/wp\/v2\/posts\/8293\/revisions\/8295"}],"wp:featuredmedia":[{"embeddable":true,"href":"https:\/\/zonaroja.com.mx\/index.php?rest_route=\/wp\/v2\/media\/8294"}],"wp:attachment":[{"href":"https:\/\/zonaroja.com.mx\/index.php?rest_route=%2Fwp%2Fv2%2Fmedia&parent=8293"}],"wp:term":[{"taxonomy":"category","embeddable":true,"href":"https:\/\/zonaroja.com.mx\/index.php?rest_route=%2Fwp%2Fv2%2Fcategories&post=8293"},{"taxonomy":"post_tag","embeddable":true,"href":"https:\/\/zonaroja.com.mx\/index.php?rest_route=%2Fwp%2Fv2%2Ftags&post=8293"}],"curies":[{"name":"wp","href":"https:\/\/api.w.org\/{rel}","templated":true}]}}