{"id":82937,"date":"2025-07-29T18:13:21","date_gmt":"2025-07-30T00:13:21","guid":{"rendered":"https:\/\/zonaroja.com.mx\/?p=82937"},"modified":"2025-07-29T18:13:24","modified_gmt":"2025-07-30T00:13:24","slug":"un-lesionado-de-bala-en-la-capital-oaxaquena-detienen-a-presunto-agresor","status":"publish","type":"post","link":"https:\/\/zonaroja.com.mx\/?p=82937","title":{"rendered":"Un lesionado de bala en la capital oaxaque\u00f1a; detienen a presunto agresor"},"content":{"rendered":"\n<p>Raymundo Morales\/Zona Roja.<\/p>\n\n\n\n<p>Oaxaca, Oax., a 29 de julio de 2025.- Una persona del sexo masculino result\u00f3 lesionada de bala este martes en la ciudad de Oaxaca y tras la intervenci\u00f3n de corporaciones policiacas, fue detenido un presunto responsable, por tentativa de homicidio.<\/p>\n\n\n\n<p>Los hechos sucedieron poco despu\u00e9s de las 15:00 horas en la calle privada de Benito Ju\u00e1rez de la colonia Morelos, en que se reportaron detonaciones de arma de fuego.<\/p>\n\n\n\n<p>Tras ello arribaron elementos de la Polic\u00eda Municipal de Oaxaca de Ju\u00e1rez y de la Fiscal\u00eda General del Estado y logr\u00f3 la detenci\u00f3n de un probable responsable, identificado de manera preliminar como Sigfrido \u201cN\u201d.<\/p>\n\n\n\n<p>En tanto que la v\u00edctima lesionada, quien respondi\u00f3 al nombre de Miguel \u00c1ngel H. M., fue trasladado a un hospital, donde lo reportan grave de salud, con impactos de bala en el abdomen.<\/p>\n\n\n\n<p>La Fiscal\u00eda General del Estado de Oaxaca (FGEO) dijo en un comunicado que a partir de la detenci\u00f3n del probable responsable, se iniciaron los trabajos ministeriales y de investigaci\u00f3n para establecer el delito que se configura y dar certeza en el proceso de procuraci\u00f3n de justicia para la v\u00edctima.<\/p>\n\n\n\n<p>Destac\u00f3 la atenci\u00f3n oportuna del Mando Coordinaci\u00f3n de Seguridad Metropolitana en el que participan elementos de la Agencia Estatal de Investigaciones (AEI) junto con la Secretar\u00eda de la Defensa Nacional (Defensa), Polic\u00eda Estatal y Polic\u00eda Municipal de la capital.<\/p>\n\n\n\n<p>\u201cDerivado de la acci\u00f3n inmediata, se logr\u00f3 la detenci\u00f3n de una persona del sexo masculino, as\u00ed como el aseguramiento del arma de fuego que habr\u00edan usado en la agresi\u00f3n, en tanto que, la v\u00edctima fue trasladada para su atenci\u00f3n m\u00e9dica.<\/p>\n\n\n\n<p>\u201cLa Fiscal\u00eda General garantiza investigaciones exhaustivas para esclarecer delitos, aplicando todo el rigor de la Ley a quien o quienes resulten responsables\u201d, indic\u00f3.<\/p>\n","protected":false},"excerpt":{"rendered":"<p>Raymundo Morales\/Zona Roja. Oaxaca, Oax., a 29 de julio de 2025.- Una persona del sexo&hellip;<\/p>\n","protected":false},"author":2,"featured_media":82938,"comment_status":"closed","ping_status":"open","sticky":false,"template":"","format":"standard","meta":{"_lmt_disableupdate":"","_lmt_disable":"","_jetpack_memberships_contains_paid_content":false,"footnotes":""},"categories":[109,46],"tags":[148],"class_list":["post-82937","post","type-post","status-publish","format-standard","has-post-thumbnail","hentry","category-minuto-a-minuto","category-zona-blanca","tag-oaxaca-de-juarez"],"jetpack_featured_media_url":"https:\/\/zonaroja.com.mx\/wp-content\/uploads\/2025\/07\/Detenido-por-lesionado-colonia-Morelos-ciudad-de-Oaxaca.jpg","jetpack_sharing_enabled":true,"_links":{"self":[{"href":"https:\/\/zonaroja.com.mx\/index.php?rest_route=\/wp\/v2\/posts\/82937","targetHints":{"allow":["GET"]}}],"collection":[{"href":"https:\/\/zonaroja.com.mx\/index.php?rest_route=\/wp\/v2\/posts"}],"about":[{"href":"https:\/\/zonaroja.com.mx\/index.php?rest_route=\/wp\/v2\/types\/post"}],"author":[{"embeddable":true,"href":"https:\/\/zonaroja.com.mx\/index.php?rest_route=\/wp\/v2\/users\/2"}],"replies":[{"embeddable":true,"href":"https:\/\/zonaroja.com.mx\/index.php?rest_route=%2Fwp%2Fv2%2Fcomments&post=82937"}],"version-history":[{"count":1,"href":"https:\/\/zonaroja.com.mx\/index.php?rest_route=\/wp\/v2\/posts\/82937\/revisions"}],"predecessor-version":[{"id":82939,"href":"https:\/\/zonaroja.com.mx\/index.php?rest_route=\/wp\/v2\/posts\/82937\/revisions\/82939"}],"wp:featuredmedia":[{"embeddable":true,"href":"https:\/\/zonaroja.com.mx\/index.php?rest_route=\/wp\/v2\/media\/82938"}],"wp:attachment":[{"href":"https:\/\/zonaroja.com.mx\/index.php?rest_route=%2Fwp%2Fv2%2Fmedia&parent=82937"}],"wp:term":[{"taxonomy":"category","embeddable":true,"href":"https:\/\/zonaroja.com.mx\/index.php?rest_route=%2Fwp%2Fv2%2Fcategories&post=82937"},{"taxonomy":"post_tag","embeddable":true,"href":"https:\/\/zonaroja.com.mx\/index.php?rest_route=%2Fwp%2Fv2%2Ftags&post=82937"}],"curies":[{"name":"wp","href":"https:\/\/api.w.org\/{rel}","templated":true}]}}