{"id":82943,"date":"2025-07-29T21:57:03","date_gmt":"2025-07-30T03:57:03","guid":{"rendered":"https:\/\/zonaroja.com.mx\/?p=82943"},"modified":"2025-07-29T21:57:05","modified_gmt":"2025-07-30T03:57:05","slug":"retiran-prohibicion-para-construir-en-reserva-ecologica-del-cerro-del-creston","status":"publish","type":"post","link":"https:\/\/zonaroja.com.mx\/?p=82943","title":{"rendered":"Retiran prohibici\u00f3n para construir en reserva ecol\u00f3gica del cerro del \u201cCrest\u00f3n\u201d"},"content":{"rendered":"\n<p>Lisbeth Mej\u00eda Reyes\/Zona Roja.<\/p>\n\n\n\n<p>Oaxaca, Oax., a 29 de julio de 2025.- El Cabildo de Oaxaca de Ju\u00e1rez aprob\u00f3 este martes levantar las prohibiciones de construcci\u00f3n, apeo, deslindes y otros tr\u00e1mites que se manten\u00edan suspendidos al menos desde 2021 en la zona de reserva ecol\u00f3gica del cerro del \u201cCrest\u00f3n\u201d, hasta en tanto no existiera la delimitaci\u00f3n del pol\u00edgono y el plan de manejo respectivo.<\/p>\n\n\n\n<p>Fue en la sesi\u00f3n ordinaria de este 29 de julio en la que el cabildo aprob\u00f3 con 15 votos a favor y uno en contra (del concejal Mart\u00edn V\u00e1squez Villanueva) el punto de acuerdo propuesto por la regidora de Obras P\u00fablicas y Desarrollo Urbano, Surisadai S\u00e1nchez Hern\u00e1ndez.<\/p>\n\n\n\n<p>La aprobaci\u00f3n de dio a casi un a\u00f1o de que el gobierno estatal inform\u00f3 el 2 de septiembre sobre el \u00e1rea que comprende la reserva ecol\u00f3gica y \u00e1rea natural protegida del cerro del \u201cCrest\u00f3n\u201d, adem\u00e1s de la digitalizaci\u00f3n del anexo del decreto del 14 de noviembre de 1992.<\/p>\n\n\n\n<p>Con la aprobaci\u00f3n de la propuesta de la Regidur\u00eda de Obras P\u00fablicas y Desarrollo Urbano quedaron sin efecto los puntos de acuerdo CDUOPTT\/CEMA\/01\/2010, 001\/CU\/2021 (aprobado el 18 de noviembre de 2021) y PM\/PA\/65\/2022 (del 2 de junio de 2022). En estos se estipulaba la suspensi\u00f3n de los tr\u00e1mites.<\/p>\n\n\n\n<p>Durante su exposici\u00f3n y ante los cuestionamientos del regidor V\u00e1zquez Villanueva, la concejal Surisadai S\u00e1nchez defendi\u00f3 su propuesta al argumentar que se han realizado diversas mesas de trabajo entre el ayuntamiento y el gobierno estatal para aplicar las leyes en materia de ordenamiento territorial y otras.&nbsp;<\/p>\n\n\n\n<p>Lo anterior a fin de regularizar \u00ab44 de estas calles, colonias y parajes\u00bb ubicados en la zona y para dar certeza jur\u00eddica a las familias que ah\u00ed habitan.<\/p>\n\n\n\n<p>Aunque en la pasada administraci\u00f3n municipal tambi\u00e9n se busc\u00f3 levantar este veto, la propuesta del entonces regidor de Obras, Pavel L\u00f3pez, qued\u00f3 en an\u00e1lisis en comisiones unidas, pero no se emiti\u00f3 un dictamen ni se someti\u00f3 a votaci\u00f3n del cabildo.<\/p>\n\n\n\n<p>En 2024, durante la presentaci\u00f3n de la delimitaci\u00f3n del pol\u00edgono, autoridades municipales de Oaxaca se\u00f1alaron que alrededor de siete mil personas en 67 colonias habitan dentro del pol\u00edgono, varias de ellas en \u00e1reas ya urbanizadas y otras sin certeza jur\u00eddica y sin servicios b\u00e1sicos.&nbsp;<\/p>\n\n\n\n<p>En diversas ocasiones, el consejero jur\u00eddico del gobierno estatal, Geovany V\u00e1squez Sagrero, tambi\u00e9n ha reconocido que en esta zona persisten los intereses de inmobiliarias en esta \u00e1rea.<\/p>\n\n\n\n<p>Por su parte, grupos de comuneros del Ejido Guadalupe Victoria y de la agencia Pueblo Nuevo se han manifestado en los \u00faltimos a\u00f1os en contra del decreto. Aun cuando el gobierno estatal ha se\u00f1alado que la delimitaci\u00f3n es para darles certeza jur\u00eddica, los comuneros han reiterado su exigencia para eliminar el decreto, pues consideran que se restringen sus derechos con el plan de manejo.<\/p>\n","protected":false},"excerpt":{"rendered":"<p>Lisbeth Mej\u00eda Reyes\/Zona Roja. Oaxaca, Oax., a 29 de julio de 2025.- El Cabildo de&hellip;<\/p>\n","protected":false},"author":2,"featured_media":82944,"comment_status":"closed","ping_status":"open","sticky":false,"template":"","format":"standard","meta":{"_lmt_disableupdate":"","_lmt_disable":"","_jetpack_memberships_contains_paid_content":false,"footnotes":""},"categories":[109,46],"tags":[148],"class_list":["post-82943","post","type-post","status-publish","format-standard","has-post-thumbnail","hentry","category-minuto-a-minuto","category-zona-blanca","tag-oaxaca-de-juarez"],"jetpack_featured_media_url":"https:\/\/zonaroja.com.mx\/wp-content\/uploads\/2025\/07\/Sesion-Cabildo-Oaxaca-de-Juarez.jpg","jetpack_sharing_enabled":true,"_links":{"self":[{"href":"https:\/\/zonaroja.com.mx\/index.php?rest_route=\/wp\/v2\/posts\/82943","targetHints":{"allow":["GET"]}}],"collection":[{"href":"https:\/\/zonaroja.com.mx\/index.php?rest_route=\/wp\/v2\/posts"}],"about":[{"href":"https:\/\/zonaroja.com.mx\/index.php?rest_route=\/wp\/v2\/types\/post"}],"author":[{"embeddable":true,"href":"https:\/\/zonaroja.com.mx\/index.php?rest_route=\/wp\/v2\/users\/2"}],"replies":[{"embeddable":true,"href":"https:\/\/zonaroja.com.mx\/index.php?rest_route=%2Fwp%2Fv2%2Fcomments&post=82943"}],"version-history":[{"count":1,"href":"https:\/\/zonaroja.com.mx\/index.php?rest_route=\/wp\/v2\/posts\/82943\/revisions"}],"predecessor-version":[{"id":82945,"href":"https:\/\/zonaroja.com.mx\/index.php?rest_route=\/wp\/v2\/posts\/82943\/revisions\/82945"}],"wp:featuredmedia":[{"embeddable":true,"href":"https:\/\/zonaroja.com.mx\/index.php?rest_route=\/wp\/v2\/media\/82944"}],"wp:attachment":[{"href":"https:\/\/zonaroja.com.mx\/index.php?rest_route=%2Fwp%2Fv2%2Fmedia&parent=82943"}],"wp:term":[{"taxonomy":"category","embeddable":true,"href":"https:\/\/zonaroja.com.mx\/index.php?rest_route=%2Fwp%2Fv2%2Fcategories&post=82943"},{"taxonomy":"post_tag","embeddable":true,"href":"https:\/\/zonaroja.com.mx\/index.php?rest_route=%2Fwp%2Fv2%2Ftags&post=82943"}],"curies":[{"name":"wp","href":"https:\/\/api.w.org\/{rel}","templated":true}]}}