{"id":82950,"date":"2025-07-30T06:53:08","date_gmt":"2025-07-30T12:53:08","guid":{"rendered":"https:\/\/zonaroja.com.mx\/?p=82950"},"modified":"2025-07-30T06:53:10","modified_gmt":"2025-07-30T12:53:10","slug":"individuo-asesina-a-su-hermano-en-loxicha-oaxaca","status":"publish","type":"post","link":"https:\/\/zonaroja.com.mx\/?p=82950","title":{"rendered":"Individuo asesina a su hermano en Loxicha, Oaxaca"},"content":{"rendered":"\n<p>Raymundo Morales\/Zona Roja.<\/p>\n\n\n\n<p>Oaxaca, Oax., a 30 de julio de 2025.- Un d\u00eda de jornada en el campo entre familiares termin\u00f3 en un asesinato entre hermanos en una comunidad de Oaxaca.<\/p>\n\n\n\n<p>Fue en la localidad de San Jos\u00e9 La Uni\u00f3n, del municipio de San Agust\u00edn Loxicha, regi\u00f3n Sierra Sur, en que ocurri\u00f3 el fratricidio este martes.<\/p>\n\n\n\n<p>Tres hermanos hab\u00edan salido al campo para realizar sus labores agr\u00edcolas, sin embargo, por razones que a\u00fan se desconocen dos de ellos comenzaron a discutir.<\/p>\n\n\n\n<p>El l\u00edo subi\u00f3 de tono, por lo que Pedro \u201cN\u201d tom\u00f3 su machete y asest\u00f3 golpes a Lorenzo \u201cN\u201d hasta provocarle la muerte, tras lo cual se dio a la fuga.<\/p>\n\n\n\n<p>Tras la denuncia del tercer hermano, arribaron primero autoridades de la comunidad y despu\u00e9s personal de la Fiscal\u00eda General del Estado de Oaxaca, con la finalidad de iniciar las indagatorias del caso y esclarecer el crimen.<\/p>\n","protected":false},"excerpt":{"rendered":"<p>Raymundo Morales\/Zona Roja. Oaxaca, Oax., a 30 de julio de 2025.- Un d\u00eda de jornada&hellip;<\/p>\n","protected":false},"author":2,"featured_media":82951,"comment_status":"closed","ping_status":"open","sticky":false,"template":"","format":"standard","meta":{"_lmt_disableupdate":"","_lmt_disable":"","_jetpack_memberships_contains_paid_content":false,"footnotes":""},"categories":[109,51],"tags":[829],"class_list":["post-82950","post","type-post","status-publish","format-standard","has-post-thumbnail","hentry","category-minuto-a-minuto","category-zona-roja","tag-san-agustin-loxicha"],"jetpack_featured_media_url":"https:\/\/zonaroja.com.mx\/wp-content\/uploads\/2025\/07\/Asesinado-San-Agustin-Loxicha.jpeg","jetpack_sharing_enabled":true,"_links":{"self":[{"href":"https:\/\/zonaroja.com.mx\/index.php?rest_route=\/wp\/v2\/posts\/82950","targetHints":{"allow":["GET"]}}],"collection":[{"href":"https:\/\/zonaroja.com.mx\/index.php?rest_route=\/wp\/v2\/posts"}],"about":[{"href":"https:\/\/zonaroja.com.mx\/index.php?rest_route=\/wp\/v2\/types\/post"}],"author":[{"embeddable":true,"href":"https:\/\/zonaroja.com.mx\/index.php?rest_route=\/wp\/v2\/users\/2"}],"replies":[{"embeddable":true,"href":"https:\/\/zonaroja.com.mx\/index.php?rest_route=%2Fwp%2Fv2%2Fcomments&post=82950"}],"version-history":[{"count":1,"href":"https:\/\/zonaroja.com.mx\/index.php?rest_route=\/wp\/v2\/posts\/82950\/revisions"}],"predecessor-version":[{"id":82952,"href":"https:\/\/zonaroja.com.mx\/index.php?rest_route=\/wp\/v2\/posts\/82950\/revisions\/82952"}],"wp:featuredmedia":[{"embeddable":true,"href":"https:\/\/zonaroja.com.mx\/index.php?rest_route=\/wp\/v2\/media\/82951"}],"wp:attachment":[{"href":"https:\/\/zonaroja.com.mx\/index.php?rest_route=%2Fwp%2Fv2%2Fmedia&parent=82950"}],"wp:term":[{"taxonomy":"category","embeddable":true,"href":"https:\/\/zonaroja.com.mx\/index.php?rest_route=%2Fwp%2Fv2%2Fcategories&post=82950"},{"taxonomy":"post_tag","embeddable":true,"href":"https:\/\/zonaroja.com.mx\/index.php?rest_route=%2Fwp%2Fv2%2Ftags&post=82950"}],"curies":[{"name":"wp","href":"https:\/\/api.w.org\/{rel}","templated":true}]}}