{"id":82953,"date":"2025-07-30T08:15:00","date_gmt":"2025-07-30T14:15:00","guid":{"rendered":"https:\/\/zonaroja.com.mx\/?p=82953"},"modified":"2025-07-30T07:06:33","modified_gmt":"2025-07-30T13:06:33","slug":"sesionan-en-oaxaca-secretarios-de-turismo-del-pais","status":"publish","type":"post","link":"https:\/\/zonaroja.com.mx\/?p=82953","title":{"rendered":"Sesionan en Oaxaca secretarios de turismo del pa\u00eds"},"content":{"rendered":"\n<p>Redacci\u00f3n\/Zona Roja.<\/p>\n\n\n\n<p>Oaxaca, Oax., a 30 de julio de 2025.- Con el firme objetivo de consolidar un turismo con rostro humano, justicia territorial e impacto social, el gobernador Salom\u00f3n Jara Cruz dio la bienvenida a la LXII Asamblea Ordinaria de la Uni\u00f3n de Secretarias y Secretarios de Turismo de M\u00e9xico (Asetur), que se lleva a cabo en la entidad.<\/p>\n\n\n\n<p>El mandatario estatal resalt\u00f3 que Oaxaca, tierra orgullosa de sus ra\u00edces, se suma con entusiasmo a este proyecto renovador, que pone al centro el bienestar de las comunidades y que proyecta como destinos tur\u00edsticos los pueblos m\u00e1gicos del estado y el resto del pa\u00eds.<\/p>\n\n\n\n<p>\u201cOaxaca cuenta con algo vivo e impalpable, un coraz\u00f3n generoso que es s\u00edmbolo de hospitalidad, aqu\u00ed cada visitante es bien recibido como parte de la familia. La palabra turismo se traduce en respeto, convivencia y transformaci\u00f3n de nuestras comunidades\u201d, expres\u00f3 durante la actividad realizada en Palacio de Gobierno.<\/p>\n\n\n\n<p>Prueba de ello, dijo, fue la c\u00e1lida bienvenida que recibieron las y los asistentes a esta Asamblea, quienes apreciaron la majestuosidad de los bailes, m\u00fasica e indumentaria de Loma Bonita, Santiago Llano Grande y San Juan Bautista Tuxtepec; los cuales dibujaron sonrisas y admiraci\u00f3n en cada rostro presente. &nbsp;<\/p>\n\n\n\n<p>Desde el Coraz\u00f3n cultural, gastron\u00f3mico y ling\u00fc\u00edstico de M\u00e9xico, Jara Cruz reconoci\u00f3 el liderazgo de esta asociaci\u00f3n y refrend\u00f3 su compromiso para seguir sumando con responsabilidad al cumplimiento de los objetivos de la Asetur, que representa un eje estrat\u00e9gico para el desarrollo nacional.<\/p>\n\n\n\n<p>\u201cContamos con infraestructura s\u00f3lida y en expansi\u00f3n, con capital humano capacitado e identidad cultural que nos hace un referente inigualable a escala mundial\u201d, afirm\u00f3.<\/p>\n\n\n\n<p>En su oportunidad el presidente de la Asetur, Bernardo Cueto Riestra expres\u00f3 que actualmente se desarrolla una agenda que involucra la promoci\u00f3n de lugares tur\u00edsticos y la b\u00fasqueda de mayor competitividad de los destinos de M\u00e9xico; para lograr mayor conectividad, oferta sustentable, as\u00ed como atender y proteger a turistas nacionales e internacionales.<\/p>\n\n\n\n<p>\u201cEl turismo no debe estar en segundo plano, los pueblos originarios tienen que acceder a los beneficios del sector, que debemos promover y mostrar la gran riqueza cultural de nuestro pa\u00eds. Estamos convencidos que necesitamos trabajar de la mano con el sector tur\u00edstico y otros que involucran la econom\u00eda en favor de la poblaci\u00f3n\u201d, finaliz\u00f3.<\/p>\n\n\n\n<figure class=\"wp-block-image size-full\"><img decoding=\"async\" width=\"800\" height=\"533\" src=\"https:\/\/zonaroja.com.mx\/wp-content\/uploads\/2025\/07\/Saymi-Pineda-.jpeg\" alt=\"\" class=\"wp-image-82954\" srcset=\"https:\/\/zonaroja.com.mx\/wp-content\/uploads\/2025\/07\/Saymi-Pineda-.jpeg 800w, https:\/\/zonaroja.com.mx\/wp-content\/uploads\/2025\/07\/Saymi-Pineda--300x200.jpeg 300w, https:\/\/zonaroja.com.mx\/wp-content\/uploads\/2025\/07\/Saymi-Pineda--768x512.jpeg 768w, https:\/\/zonaroja.com.mx\/wp-content\/uploads\/2025\/07\/Saymi-Pineda--585x390.jpeg 585w, https:\/\/zonaroja.com.mx\/wp-content\/uploads\/2025\/07\/Saymi-Pineda--263x175.jpeg 263w\" sizes=\"(max-width: 800px) 100vw, 800px\" \/><\/figure>\n\n\n\n<p>RESULTADOS POSITIVOS<\/p>\n\n\n\n<p>Por otra parte, durante la conferencia de prensa de ayer del gobernador Salom\u00f3n Jara Cruz, la secretaria de Turismo, Saymi Pineda Velasco, inform\u00f3 que las fiestas de la Guelaguetza 2025 superaron las expectativas al registrar, del 18 al 28 de julio en la ciudad de Oaxaca, una ocupaci\u00f3n hotelera del 81.69 por ciento, con la llegada de 143 mil 570 turistas y una derrama econ\u00f3mica de 635 millones de pesos.<\/p>\n\n\n\n<p>Explic\u00f3 que estas cifras representan un crecimiento del 3.56 por ciento en el n\u00famero de visitantes y del 20.84 en derrama econ\u00f3mica respecto al a\u00f1o anterior.<\/p>\n\n\n\n<p>Destac\u00f3 que el Lunes del Cerro y su Octava se realiz\u00f3 con la participaci\u00f3n de 58 delegaciones, que reuni\u00f3 en el Auditorio Guelaguetza a m\u00e1s de 44 mil asistentes en las cuatro presentaciones.<\/p>\n\n\n\n<p>Del 18 al 28 de julio se\u00f1al\u00f3, el Aeropuerto Internacional de Oaxaca registr\u00f3, de manera preliminar, 189 vuelos, con 32 mil 871 asientos ofertados y 55 mil 880 pasajeros atendidos; mientras que en las casetas de peaje de Huitzo y Barranca Larga se contabilizaron m\u00e1s de 170 mil veh\u00edculos en tr\u00e1nsito hacia la capital del estado.<\/p>\n\n\n\n<p>Indic\u00f3 que se trabaj\u00f3 desde el Comit\u00e9 Intersecretarial para lograr una Guelaguetza intercultural, incluyente y cercana a la gente, respetando siempre la autodeterminaci\u00f3n de los pueblos de Oaxaca.<\/p>\n\n\n\n<p>La m\u00e1xima fiesta del pueblo oaxaque\u00f1o, dijo, se promovi\u00f3 en diversos espacios tur\u00edsticos como la Feria Internacional de Turismo (Fitur), en Espa\u00f1a; la Vitrina Tur\u00edstica de la Asociaci\u00f3n Colombiana de Agencias de Viajes y Turismo (Anato); el Tianguis Tur\u00edstico de M\u00e9xico; y en la caravana de promoci\u00f3n en Canc\u00fan y M\u00e9rida, ante m\u00e1s de 300 agentes de viajes y 20 medios de comunicaci\u00f3n.<\/p>\n\n\n\n<p>Al destacar que se tuvo un saldo blanco gracias a la estrategia Guelaguetza Segura 2025, Pineda Velasco inform\u00f3 que se activaron 60 Embajadores Tur\u00edsticos, 12 M\u00f3dulos de Informaci\u00f3n Tur\u00edstica y se brindaron 7 mil 809 asistencias.<\/p>\n","protected":false},"excerpt":{"rendered":"<p>Redacci\u00f3n\/Zona Roja. Oaxaca, Oax., a 30 de julio de 2025.- Con el firme objetivo de&hellip;<\/p>\n","protected":false},"author":2,"featured_media":82955,"comment_status":"closed","ping_status":"open","sticky":false,"template":"","format":"standard","meta":{"_lmt_disableupdate":"","_lmt_disable":"","_jetpack_memberships_contains_paid_content":false,"footnotes":""},"categories":[109,46],"tags":[939],"class_list":["post-82953","post","type-post","status-publish","format-standard","has-post-thumbnail","hentry","category-minuto-a-minuto","category-zona-blanca","tag-salomon-jara-cruz"],"jetpack_featured_media_url":"https:\/\/zonaroja.com.mx\/wp-content\/uploads\/2025\/07\/En-LXII-asamblea-de-la-Asetur-Oaxaca-apoya-consolidacion-de-turismo-que-procura-bienestar-de-las-comunidades-1.jpeg","jetpack_sharing_enabled":true,"_links":{"self":[{"href":"https:\/\/zonaroja.com.mx\/index.php?rest_route=\/wp\/v2\/posts\/82953","targetHints":{"allow":["GET"]}}],"collection":[{"href":"https:\/\/zonaroja.com.mx\/index.php?rest_route=\/wp\/v2\/posts"}],"about":[{"href":"https:\/\/zonaroja.com.mx\/index.php?rest_route=\/wp\/v2\/types\/post"}],"author":[{"embeddable":true,"href":"https:\/\/zonaroja.com.mx\/index.php?rest_route=\/wp\/v2\/users\/2"}],"replies":[{"embeddable":true,"href":"https:\/\/zonaroja.com.mx\/index.php?rest_route=%2Fwp%2Fv2%2Fcomments&post=82953"}],"version-history":[{"count":1,"href":"https:\/\/zonaroja.com.mx\/index.php?rest_route=\/wp\/v2\/posts\/82953\/revisions"}],"predecessor-version":[{"id":82956,"href":"https:\/\/zonaroja.com.mx\/index.php?rest_route=\/wp\/v2\/posts\/82953\/revisions\/82956"}],"wp:featuredmedia":[{"embeddable":true,"href":"https:\/\/zonaroja.com.mx\/index.php?rest_route=\/wp\/v2\/media\/82955"}],"wp:attachment":[{"href":"https:\/\/zonaroja.com.mx\/index.php?rest_route=%2Fwp%2Fv2%2Fmedia&parent=82953"}],"wp:term":[{"taxonomy":"category","embeddable":true,"href":"https:\/\/zonaroja.com.mx\/index.php?rest_route=%2Fwp%2Fv2%2Fcategories&post=82953"},{"taxonomy":"post_tag","embeddable":true,"href":"https:\/\/zonaroja.com.mx\/index.php?rest_route=%2Fwp%2Fv2%2Ftags&post=82953"}],"curies":[{"name":"wp","href":"https:\/\/api.w.org\/{rel}","templated":true}]}}