{"id":82960,"date":"2025-07-30T10:15:00","date_gmt":"2025-07-30T16:15:00","guid":{"rendered":"https:\/\/zonaroja.com.mx\/?p=82960"},"modified":"2025-07-30T07:31:31","modified_gmt":"2025-07-30T13:31:31","slug":"la-violencia-feminicida-se-ensana-con-juchitecas-4-asesinadas-en-julio","status":"publish","type":"post","link":"https:\/\/zonaroja.com.mx\/?p=82960","title":{"rendered":"La violencia feminicida se ensa\u00f1a con juchitecas; 4 asesinadas en julio\u00a0"},"content":{"rendered":"\n<p>Lisbeth Mej\u00eda Reyes\/Zona Roja. Foto: Archivo.<\/p>\n\n\n\n<p>Oaxaca, Oax., a 30 de julio de 2025.- La ciudad de Juchit\u00e1n de Zaragoza se ha convertido en una de las m\u00e1s letales para las mujeres.&nbsp;<\/p>\n\n\n\n<p>A pesar de que es uno de los 40 municipios con Alerta de Violencia de G\u00e9nero desde el 2018, en julio han sido asesinadas o encontradas muertas ah\u00ed cuatro mujeres de las 49 v\u00edctimas en lo que va del a\u00f1o.<\/p>\n\n\n\n<p>Este 28 de julio fue localizado el cuerpo de la \u00faltima v\u00edctima, Reyna Bel\u00e9n, en inmediaciones de un r\u00edo cercano a la Quinta Secci\u00f3n. Sin embargo, el 22 del mismo mes fue asesinada a balazos Mayela, una mujer de aproximadamente 37 a\u00f1os en el centro de Juchit\u00e1n, en un espacio p\u00fablico y a plena luz del d\u00eda; la \u00abG\u00fcera\u00bb, como era conocida, era trabajadora de un sitio de mototaxis.&nbsp;<\/p>\n\n\n\n<p>Pero antes de ellas la violencia feminicida acab\u00f3 con la vida de Maricela A. A., estudiante de preparatoria cuyo cuerpo fue localizado el 7 de julio, tras denunciarse su desaparici\u00f3n desde el 4 del mes.&nbsp;<\/p>\n\n\n\n<p>El 10 fue localizado en un costal y en la v\u00eda p\u00fablica el cuerpo de Reina Violeta, vendedora de comida; ten\u00eda signos de tortura.<\/p>\n\n\n\n<p>ISTMO VIOLENTO<\/p>\n\n\n\n<p>En este municipio de poco m\u00e1s de 113 mil habitantes, m\u00e1s de la mitad mujeres, la violencia feminicida ha escalado. Aunque la regi\u00f3n Istmo de Tehuantepec concentra el mayor n\u00famero de feminicidios de enero y hasta el 29 de julio, con 13 casos (el 27 por ciento) es en Juchit\u00e1n donde han ocurrido los \u00faltimos y la mayor\u00eda.<\/p>\n\n\n\n<p>\u00abMientras el estado da cierre exitoso a sus celebraciones culturales, en Oaxaca las mujeres no tenemos garantizado el derecho a la vida\u00bb, acus\u00f3 el Grupo de Estudios sobre la Mujer Rosario Castellanos (GES Mujer) en su reciente informe sobre muertes violentas de mujeres en Oaxaca.<\/p>\n\n\n\n<p>Durante la administraci\u00f3n actual, del gobernador Salom\u00f3n Jara, la asociaci\u00f3n detall\u00f3 que se han registrado 253 casos de muertes violentas de mujeres. De ese total, el 63% fue causado por impacto de bala.<\/p>\n\n\n\n<p>La asociaci\u00f3n civil apunt\u00f3 que \u00abla violencia feminicida es nuestra realidad\u00bb y exigi\u00f3 a las autoridades a implementar pol\u00edtica reales y con enfoque de g\u00e9nero e interculturalidad, para prevenir, atender y sancionar esta grave violaci\u00f3n a los derechos humanos.<\/p>\n\n\n\n<p>\u00abSin justicia, sin seguridad, sin derechos, no hay Guelaguetza que celebrar. \u00a1Ni una m\u00e1s, ni una menos!\u00bb, expres\u00f3 la asociaci\u00f3n civil.<\/p>\n\n\n\n<p>Por los asesinatos en la regi\u00f3n Istmo, recientemente tambi\u00e9n se pronunci\u00f3 el Grupo de Mujeres 8 de Marzo, que exigi\u00f3 a las autoridades \u00abuna respuesta inmediata ante la crisis de inseguridad y violencia feminicida\u00bb en la regi\u00f3n. Adem\u00e1s de demandar investigaciones \u00abde los asesinatos violentos bajo el protocolo de feminicidio y evitar la impunidad\u00bb. Tambi\u00e9n las exhort\u00f3 a \u00abimpulsar acciones interinstitucionales coordinadas con diversas dependencias tanto del gobierno federal como del gobierno estatal\u00bb.<\/p>\n","protected":false},"excerpt":{"rendered":"<p>Lisbeth Mej\u00eda Reyes\/Zona Roja. Foto: Archivo. Oaxaca, Oax., a 30 de julio de 2025.- La&hellip;<\/p>\n","protected":false},"author":2,"featured_media":82454,"comment_status":"closed","ping_status":"open","sticky":false,"template":"","format":"standard","meta":{"_lmt_disableupdate":"","_lmt_disable":"","_jetpack_memberships_contains_paid_content":false,"footnotes":""},"categories":[109,47],"tags":[543,610],"class_list":["post-82960","post","type-post","status-publish","format-standard","has-post-thumbnail","hentry","category-minuto-a-minuto","category-zona-gris","tag-feminicidio-en-juchitan","tag-feminicidios-oaxaca"],"jetpack_featured_media_url":"https:\/\/zonaroja.com.mx\/wp-content\/uploads\/2025\/07\/Marcha-Juchitan-por-justicia-Maricela.jpg","jetpack_sharing_enabled":true,"_links":{"self":[{"href":"https:\/\/zonaroja.com.mx\/index.php?rest_route=\/wp\/v2\/posts\/82960","targetHints":{"allow":["GET"]}}],"collection":[{"href":"https:\/\/zonaroja.com.mx\/index.php?rest_route=\/wp\/v2\/posts"}],"about":[{"href":"https:\/\/zonaroja.com.mx\/index.php?rest_route=\/wp\/v2\/types\/post"}],"author":[{"embeddable":true,"href":"https:\/\/zonaroja.com.mx\/index.php?rest_route=\/wp\/v2\/users\/2"}],"replies":[{"embeddable":true,"href":"https:\/\/zonaroja.com.mx\/index.php?rest_route=%2Fwp%2Fv2%2Fcomments&post=82960"}],"version-history":[{"count":1,"href":"https:\/\/zonaroja.com.mx\/index.php?rest_route=\/wp\/v2\/posts\/82960\/revisions"}],"predecessor-version":[{"id":82961,"href":"https:\/\/zonaroja.com.mx\/index.php?rest_route=\/wp\/v2\/posts\/82960\/revisions\/82961"}],"wp:featuredmedia":[{"embeddable":true,"href":"https:\/\/zonaroja.com.mx\/index.php?rest_route=\/wp\/v2\/media\/82454"}],"wp:attachment":[{"href":"https:\/\/zonaroja.com.mx\/index.php?rest_route=%2Fwp%2Fv2%2Fmedia&parent=82960"}],"wp:term":[{"taxonomy":"category","embeddable":true,"href":"https:\/\/zonaroja.com.mx\/index.php?rest_route=%2Fwp%2Fv2%2Fcategories&post=82960"},{"taxonomy":"post_tag","embeddable":true,"href":"https:\/\/zonaroja.com.mx\/index.php?rest_route=%2Fwp%2Fv2%2Ftags&post=82960"}],"curies":[{"name":"wp","href":"https:\/\/api.w.org\/{rel}","templated":true}]}}