{"id":82962,"date":"2025-07-30T11:15:00","date_gmt":"2025-07-30T17:15:00","guid":{"rendered":"https:\/\/zonaroja.com.mx\/?p=82962"},"modified":"2025-07-30T07:48:23","modified_gmt":"2025-07-30T13:48:23","slug":"asesinato-de-agente-municipal-triqui-fue-en-territorio-del-mult-multi","status":"publish","type":"post","link":"https:\/\/zonaroja.com.mx\/?p=82962","title":{"rendered":"Asesinato de agente municipal triqui fue en territorio del MULT: MULTI"},"content":{"rendered":"\n<p>Ismael Garc\u00eda M.\/Zona Roja.<\/p>\n\n\n\n<p>Oaxaca, Oax., a 30 de julio de 2025.- El asesinato de la autoridad auxiliar de R\u00edo Metates, Crescencio H. H., ocurri\u00f3 en territorio dominado por el MULT, por lo que sus afiliados podr\u00edan ser los autores del crimen ocurrido el pasado 26 de julio.<\/p>\n\n\n\n<p>As\u00ed lo estableci\u00f3 el Movimiento de Unificaci\u00f3n y Lucha Triqui Independiente (MULTI), al condenar este hecho y lamentar que el MULT insista en acusarlos de las agresiones armadas.<\/p>\n\n\n\n<p>\u201cQueremos denunciar p\u00fablicamente la campa\u00f1a de desprestigio que se ha venido orquestando desde el Movimiento de Unificaci\u00f3n y Lucha Triqui (MULT) en contra de nuestra dirigencia y militancia.&nbsp;<\/p>\n\n\n\n<p>\u201cConsideramos inadmisible que, ante cada hecho de violencia que lamentablemente ocurre, se se\u00f1ale de manera irresponsable a nuestro movimiento, sin pruebas y con claros fines pol\u00edticos\u201d, expuso en un comunicado.<\/p>\n\n\n\n<p>Indic\u00f3 que el asesinato del agente municipal del pasado s\u00e1bado, \u201cse dieron en un territorio donde el MULT mantiene presencia exclusiva. Por ello, resulta il\u00f3gico y forzado intentar responsabilizar a actores externos\u201d.<\/p>\n\n\n\n<p>El MULTI indico que han apostado por la paz, el di\u00e1logo y la construcci\u00f3n colectiva. Han participado en las mesas de paz impulsadas por la Secretar\u00eda de Gobernaci\u00f3n (SEGOB) desde 2021, con el objetivo de lograr el retorno seguro de los desplazados de Tierra Blanca Copala.&nbsp;<\/p>\n\n\n\n<p>\u201cCabe recordar que fue el mismo MULT quien se levant\u00f3 unilateralmente de esas mesas, abandonando un proceso de di\u00e1logo que a\u00fan consideramos necesario y urgente.<\/p>\n\n\n\n<p>\u201cNos deslindamos tajantemente de los se\u00f1alamientos que actores del MULT han realizado en nuestra contra. Estos no s\u00f3lo carecen de fundamento, sino que representan un acto de irresponsabilidad pol\u00edtica y social, al desinformar y confundir a nuestras comunidades\u201d, destac\u00f3.<\/p>\n","protected":false},"excerpt":{"rendered":"<p>Ismael Garc\u00eda M.\/Zona Roja. Oaxaca, Oax., a 30 de julio de 2025.- El asesinato de&hellip;<\/p>\n","protected":false},"author":2,"featured_media":69350,"comment_status":"closed","ping_status":"open","sticky":false,"template":"","format":"standard","meta":{"_lmt_disableupdate":"","_lmt_disable":"","_jetpack_memberships_contains_paid_content":false,"footnotes":""},"categories":[109,46],"tags":[2411],"class_list":["post-82962","post","type-post","status-publish","format-standard","has-post-thumbnail","hentry","category-minuto-a-minuto","category-zona-blanca","tag-movimiento-de-unificacion-y-lucha-triqui-independiente-multi"],"jetpack_featured_media_url":"https:\/\/zonaroja.com.mx\/wp-content\/uploads\/2024\/06\/MULTI-Movimiento-de-Unificacion-Triqui.jpg","jetpack_sharing_enabled":true,"_links":{"self":[{"href":"https:\/\/zonaroja.com.mx\/index.php?rest_route=\/wp\/v2\/posts\/82962","targetHints":{"allow":["GET"]}}],"collection":[{"href":"https:\/\/zonaroja.com.mx\/index.php?rest_route=\/wp\/v2\/posts"}],"about":[{"href":"https:\/\/zonaroja.com.mx\/index.php?rest_route=\/wp\/v2\/types\/post"}],"author":[{"embeddable":true,"href":"https:\/\/zonaroja.com.mx\/index.php?rest_route=\/wp\/v2\/users\/2"}],"replies":[{"embeddable":true,"href":"https:\/\/zonaroja.com.mx\/index.php?rest_route=%2Fwp%2Fv2%2Fcomments&post=82962"}],"version-history":[{"count":1,"href":"https:\/\/zonaroja.com.mx\/index.php?rest_route=\/wp\/v2\/posts\/82962\/revisions"}],"predecessor-version":[{"id":82963,"href":"https:\/\/zonaroja.com.mx\/index.php?rest_route=\/wp\/v2\/posts\/82962\/revisions\/82963"}],"wp:featuredmedia":[{"embeddable":true,"href":"https:\/\/zonaroja.com.mx\/index.php?rest_route=\/wp\/v2\/media\/69350"}],"wp:attachment":[{"href":"https:\/\/zonaroja.com.mx\/index.php?rest_route=%2Fwp%2Fv2%2Fmedia&parent=82962"}],"wp:term":[{"taxonomy":"category","embeddable":true,"href":"https:\/\/zonaroja.com.mx\/index.php?rest_route=%2Fwp%2Fv2%2Fcategories&post=82962"},{"taxonomy":"post_tag","embeddable":true,"href":"https:\/\/zonaroja.com.mx\/index.php?rest_route=%2Fwp%2Fv2%2Ftags&post=82962"}],"curies":[{"name":"wp","href":"https:\/\/api.w.org\/{rel}","templated":true}]}}