{"id":82966,"date":"2025-07-30T13:15:00","date_gmt":"2025-07-30T19:15:00","guid":{"rendered":"https:\/\/zonaroja.com.mx\/?p=82966"},"modified":"2025-07-30T07:52:20","modified_gmt":"2025-07-30T13:52:20","slug":"promueve-en-xoxocotlan-uso-responsable-de-dispositivos-digitales","status":"publish","type":"post","link":"https:\/\/zonaroja.com.mx\/?p=82966","title":{"rendered":"Promueve en Xoxocotl\u00e1n uso responsable de dispositivos digitales"},"content":{"rendered":"\n<p>Redacci\u00f3n\/Zona Roja.&nbsp;<\/p>\n\n\n\n<p>Oaxaca, Oax., a 30 de julio de 2025.- Con el prop\u00f3sito de fomentar la creatividad y promover el uso responsable de la tecnolog\u00eda, la Unidad de Prevenci\u00f3n del Delito del municipio de Santa Cruz Xoxocotl\u00e1n ha puesto en marcha el taller \u201cM\u00e1s Artesanos, Menos Gamers\u201d.<\/p>\n\n\n\n<p>Dirigido a ni\u00f1as y ni\u00f1os desde los seis a\u00f1os, este programa combina actividades manuales \u2014como la elaboraci\u00f3n de su propia pi\u00f1ata\u2014 con din\u00e1micas que refuerzan habilidades creativas y ense\u00f1an c\u00f3mo protegerse de los delitos virtuales.<\/p>\n\n\n\n<p>El objetivo es crear espacios de convivencia real, alejados de las pantallas, donde se fortalezcan valores, autonom\u00eda y capacidades pr\u00e1cticas.<\/p>\n\n\n\n<p>La primera edici\u00f3n se llev\u00f3 a cabo en la colonia Lomas de San Javier, donde las ni\u00f1as y ni\u00f1os descubrieron nuevas formas de divertirse a distancia de los dispositivos electr\u00f3nicos.<\/p>\n\n\n\n<p>Los talleres ser\u00e1n replicados en otras colonias del municipio, acercando esta iniciativa a m\u00e1s familias xoxe\u00f1as.<\/p>\n\n\n\n<p>La presidenta municipal, Nancy\u202fBen\u00edtez\u202fZ\u00e1rate, refrend\u00f3 el compromiso de su gobierno con el cuidado y desarrollo integral de la infancia, destacando que estas actividades buscan prevenir situaciones de riesgo y fortalecer la identidad cultural&nbsp;desde&nbsp;la&nbsp;ni\u00f1ez.<\/p>\n","protected":false},"excerpt":{"rendered":"<p>Redacci\u00f3n\/Zona Roja.&nbsp; Oaxaca, Oax., a 30 de julio de 2025.- Con el prop\u00f3sito de fomentar&hellip;<\/p>\n","protected":false},"author":2,"featured_media":82967,"comment_status":"closed","ping_status":"open","sticky":false,"template":"","format":"standard","meta":{"_lmt_disableupdate":"","_lmt_disable":"","_jetpack_memberships_contains_paid_content":false,"footnotes":""},"categories":[109,46],"tags":[133],"class_list":["post-82966","post","type-post","status-publish","format-standard","has-post-thumbnail","hentry","category-minuto-a-minuto","category-zona-blanca","tag-santa-cruz-xoxocotlan"],"jetpack_featured_media_url":"https:\/\/zonaroja.com.mx\/wp-content\/uploads\/2025\/07\/Xoxocotlan-taller-tecnologia.jpg","jetpack_sharing_enabled":true,"_links":{"self":[{"href":"https:\/\/zonaroja.com.mx\/index.php?rest_route=\/wp\/v2\/posts\/82966","targetHints":{"allow":["GET"]}}],"collection":[{"href":"https:\/\/zonaroja.com.mx\/index.php?rest_route=\/wp\/v2\/posts"}],"about":[{"href":"https:\/\/zonaroja.com.mx\/index.php?rest_route=\/wp\/v2\/types\/post"}],"author":[{"embeddable":true,"href":"https:\/\/zonaroja.com.mx\/index.php?rest_route=\/wp\/v2\/users\/2"}],"replies":[{"embeddable":true,"href":"https:\/\/zonaroja.com.mx\/index.php?rest_route=%2Fwp%2Fv2%2Fcomments&post=82966"}],"version-history":[{"count":1,"href":"https:\/\/zonaroja.com.mx\/index.php?rest_route=\/wp\/v2\/posts\/82966\/revisions"}],"predecessor-version":[{"id":82968,"href":"https:\/\/zonaroja.com.mx\/index.php?rest_route=\/wp\/v2\/posts\/82966\/revisions\/82968"}],"wp:featuredmedia":[{"embeddable":true,"href":"https:\/\/zonaroja.com.mx\/index.php?rest_route=\/wp\/v2\/media\/82967"}],"wp:attachment":[{"href":"https:\/\/zonaroja.com.mx\/index.php?rest_route=%2Fwp%2Fv2%2Fmedia&parent=82966"}],"wp:term":[{"taxonomy":"category","embeddable":true,"href":"https:\/\/zonaroja.com.mx\/index.php?rest_route=%2Fwp%2Fv2%2Fcategories&post=82966"},{"taxonomy":"post_tag","embeddable":true,"href":"https:\/\/zonaroja.com.mx\/index.php?rest_route=%2Fwp%2Fv2%2Ftags&post=82966"}],"curies":[{"name":"wp","href":"https:\/\/api.w.org\/{rel}","templated":true}]}}