{"id":82974,"date":"2025-07-30T15:30:00","date_gmt":"2025-07-30T21:30:00","guid":{"rendered":"https:\/\/zonaroja.com.mx\/?p=82974"},"modified":"2025-07-30T08:00:59","modified_gmt":"2025-07-30T14:00:59","slug":"detiene-fiscalia-a-presunto-homicida-de-empresario-de-juchitan","status":"publish","type":"post","link":"https:\/\/zonaroja.com.mx\/?p=82974","title":{"rendered":"Detiene Fiscal\u00eda a presunto homicida de empresario de Juchit\u00e1n\u00a0"},"content":{"rendered":"\n<p>Redacci\u00f3n\/Zona Roja.<\/p>\n\n\n\n<p>Oaxaca, Oax., a 30 de julio de 2025.- La Fiscal\u00eda General del Estado de Oaxaca (FGEO) ejecut\u00f3 una orden de aprehensi\u00f3n que permiti\u00f3 la detenci\u00f3n de una persona del sexo masculino identificado como I.G.P., alias \u201cEl Mini Se\u00f1or\u201d, por el delito de Homicidio Calificado con Ventaja cometido en la regi\u00f3n del Istmo de Tehuantepec.<\/p>\n\n\n\n<p>De acuerdo con el expediente penal, los hechos ocurrieron el 6 de enero de 2025, cuando la v\u00edctima, un hombre identificado como J.A.O.P., se encontraba en inmediaciones de la Prolongaci\u00f3n 16 de Septiembre, Primera Secci\u00f3n del municipio de Juchit\u00e1n de Zaragoza, lugar donde fue agredido con disparos de arma de fuego, provoc\u00e1ndole lesiones que le ocasionaron la muerte.<\/p>\n\n\n\n<p>Por estos hechos y tras tomar conocimiento del caso, la FGEO -a trav\u00e9s de la Vicefiscal\u00eda Regional de Valles Centrales- inici\u00f3 una investigaci\u00f3n exhaustiva obteniendo una orden de aprehensi\u00f3n emitida por un Juez que se ejecut\u00f3 en contra de I.G.P., alias \u201cEl Mini Se\u00f1or\u201d.<\/p>\n\n\n\n<p>Una vez detenido por elementos de la Agencia Estatal de Investigaciones (AEI), en colaboraci\u00f3n con la Secretar\u00eda de la Defensa Nacional (DEFENSA), fue puesto a disposici\u00f3n de la autoridad que lo requiri\u00f3 para determinar su situaci\u00f3n jur\u00eddica legal.<\/p>\n\n\n\n<p>La Fiscal\u00eda General garantiza investigaciones exhaustivas para esclarecer delitos, aplicando todo el rigor de la Ley a quien o quienes resulten responsables.<\/p>\n","protected":false},"excerpt":{"rendered":"<p>Redacci\u00f3n\/Zona Roja. Oaxaca, Oax., a 30 de julio de 2025.- La Fiscal\u00eda General del Estado&hellip;<\/p>\n","protected":false},"author":2,"featured_media":82975,"comment_status":"closed","ping_status":"open","sticky":false,"template":"","format":"standard","meta":{"_lmt_disableupdate":"","_lmt_disable":"","_jetpack_memberships_contains_paid_content":false,"footnotes":""},"categories":[109,46],"tags":[494],"class_list":["post-82974","post","type-post","status-publish","format-standard","has-post-thumbnail","hentry","category-minuto-a-minuto","category-zona-blanca","tag-fiscalia-general-del-estado-de-oaxaca"],"jetpack_featured_media_url":"https:\/\/zonaroja.com.mx\/wp-content\/uploads\/2025\/07\/Detenido-en-Juchitan-por-asesinato.jpg","jetpack_sharing_enabled":true,"_links":{"self":[{"href":"https:\/\/zonaroja.com.mx\/index.php?rest_route=\/wp\/v2\/posts\/82974","targetHints":{"allow":["GET"]}}],"collection":[{"href":"https:\/\/zonaroja.com.mx\/index.php?rest_route=\/wp\/v2\/posts"}],"about":[{"href":"https:\/\/zonaroja.com.mx\/index.php?rest_route=\/wp\/v2\/types\/post"}],"author":[{"embeddable":true,"href":"https:\/\/zonaroja.com.mx\/index.php?rest_route=\/wp\/v2\/users\/2"}],"replies":[{"embeddable":true,"href":"https:\/\/zonaroja.com.mx\/index.php?rest_route=%2Fwp%2Fv2%2Fcomments&post=82974"}],"version-history":[{"count":1,"href":"https:\/\/zonaroja.com.mx\/index.php?rest_route=\/wp\/v2\/posts\/82974\/revisions"}],"predecessor-version":[{"id":82976,"href":"https:\/\/zonaroja.com.mx\/index.php?rest_route=\/wp\/v2\/posts\/82974\/revisions\/82976"}],"wp:featuredmedia":[{"embeddable":true,"href":"https:\/\/zonaroja.com.mx\/index.php?rest_route=\/wp\/v2\/media\/82975"}],"wp:attachment":[{"href":"https:\/\/zonaroja.com.mx\/index.php?rest_route=%2Fwp%2Fv2%2Fmedia&parent=82974"}],"wp:term":[{"taxonomy":"category","embeddable":true,"href":"https:\/\/zonaroja.com.mx\/index.php?rest_route=%2Fwp%2Fv2%2Fcategories&post=82974"},{"taxonomy":"post_tag","embeddable":true,"href":"https:\/\/zonaroja.com.mx\/index.php?rest_route=%2Fwp%2Fv2%2Ftags&post=82974"}],"curies":[{"name":"wp","href":"https:\/\/api.w.org\/{rel}","templated":true}]}}