{"id":82982,"date":"2025-07-30T21:49:56","date_gmt":"2025-07-31T03:49:56","guid":{"rendered":"https:\/\/zonaroja.com.mx\/?p=82982"},"modified":"2025-07-30T21:49:58","modified_gmt":"2025-07-31T03:49:58","slug":"extingue-el-congreso-organo-de-transparencia-funciones-seran-absorbidas-por-el-gobierno","status":"publish","type":"post","link":"https:\/\/zonaroja.com.mx\/?p=82982","title":{"rendered":"Extingue el Congreso \u00f3rgano de transparencia; funciones ser\u00e1n absorbidas por el gobierno"},"content":{"rendered":"\n<p>Lisbeth Mej\u00eda Reyes\/Zona Roja.<\/p>\n\n\n\n<p>Oaxaca, Oax., a 30 de julio de 2025.- Con 30 votos a favor y dos en contra, el Congreso del Estado de Oaxaca aprob\u00f3 este mi\u00e9rcoles la extinci\u00f3n del \u00d3rgano Garante de Acceso a la Informaci\u00f3n P\u00fablica, Transparencia, Protecci\u00f3n de Datos Personales y Buen Gobierno del Estado de Oaxaca (OGAIPO), con lo que sus funciones pasar\u00e1n a manos de la dependencia\/entidad designada para tal fin por el Poder Ejecutivo estatal y municipal.<\/p>\n\n\n\n<p>El Congreso tendr\u00e1 120 d\u00edas naturales a partir de la promulgaci\u00f3n del decreto para armonizar y expedir el marco jur\u00eddico en materia de transparencia, acceso a la informaci\u00f3n p\u00fablica y protecci\u00f3n de datos personales.&nbsp;<\/p>\n\n\n\n<p>Una vez que este marco jur\u00eddico o legislaci\u00f3n entre en vigencia, quedar\u00e1 extinto el OGAIPO.<\/p>\n\n\n\n<p>Fue en sesi\u00f3n extraordinaria en la que las y los diputados avalaron por mayor\u00eda el decreto propuesto por la Comisi\u00f3n Permanente de Estudios Constitucionales de la 66 Legislatura.&nbsp;<\/p>\n\n\n\n<p>Seg\u00fan explic\u00f3 la legisladora Dulce Bel\u00e9n Uribe Mendoza, integrante de la comisi\u00f3n, este decreto deriva de la iniciativa presentada por el gobernador Salom\u00f3n Jara Cruz.&nbsp;<\/p>\n\n\n\n<p>Adem\u00e1s, asegur\u00f3 que se cumple con la armonizaci\u00f3n legislativa a ra\u00edz de la reforma constitucional federal publicada el 20 de diciembre de 2024, con la que se extinguieron el Instituto Nacional de Transparencia, Acceso a la Informaci\u00f3n y Protecci\u00f3n de Datos Personales (Inai) y otros seis \u00f3rganos aut\u00f3nomos.<\/p>\n\n\n\n<p>A decir de la legisladora, con este decreto estatal se evitar\u00e1n \u00ablos antiguos procesos burocr\u00e1ticos\u00bb, tambi\u00e9n se reducir\u00e1n las cargas administrativas y econ\u00f3micas en materia de transparencia y protecci\u00f3n de datos personales.<\/p>\n\n\n\n<p>De acuerdo con el decreto, para la extinci\u00f3n del OGAIPO se eliminan y reforman diversas fracciones de los art\u00edculos 3, 34, 59 y 114 de la Constituci\u00f3n Pol\u00edtica del Estado Libre y Soberano de Oaxaca.<\/p>\n\n\n\n<figure class=\"wp-block-embed is-type-rich is-provider-twitter wp-block-embed-twitter\"><div class=\"wp-block-embed__wrapper\">\n<div class=\"twitter-tweet\"><blockquote class=\"twitter-tweet\" data-lang=\"es\"><p lang=\"es\" dir=\"ltr\">Con 30 votos a favor y dos en contra, en sesi\u00f3n extraordinaria el pleno del <a href=\"https:\/\/twitter.com\/CongresoOaxaca_?ref_src=twsrc%5Etfw\">@CongresoOaxaca_<\/a> desapareci\u00f3 el <a href=\"https:\/\/twitter.com\/OGAIP_Oaxaca?ref_src=twsrc%5Etfw\">@OGAIP_Oaxaca<\/a>, para dar paso a un \u00e1rea sujeta al Poder Ejecutivo estatal <a href=\"https:\/\/t.co\/Qgqdc38y8e\">pic.twitter.com\/Qgqdc38y8e<\/a><\/p>&mdash; Zona Roja Oaxaca (@ZonaRoja_Oaxaca) <a href=\"https:\/\/twitter.com\/ZonaRoja_Oaxaca\/status\/1950680312947613810?ref_src=twsrc%5Etfw\">30 de julio de 2025<\/a><\/blockquote><\/div>\n<\/div><\/figure>\n","protected":false},"excerpt":{"rendered":"<p>Lisbeth Mej\u00eda Reyes\/Zona Roja. Oaxaca, Oax., a 30 de julio de 2025.- Con 30 votos&hellip;<\/p>\n","protected":false},"author":2,"featured_media":82983,"comment_status":"closed","ping_status":"open","sticky":false,"template":"","format":"standard","meta":{"_lmt_disableupdate":"","_lmt_disable":"","_jetpack_memberships_contains_paid_content":false,"footnotes":""},"categories":[109,46],"tags":[148,4142],"class_list":["post-82982","post","type-post","status-publish","format-standard","has-post-thumbnail","hentry","category-minuto-a-minuto","category-zona-blanca","tag-oaxaca-de-juarez","tag-raymundo-chagoya"],"jetpack_featured_media_url":"https:\/\/zonaroja.com.mx\/wp-content\/uploads\/2025\/07\/Aprobacion-Pleno_.jpeg","jetpack_sharing_enabled":true,"_links":{"self":[{"href":"https:\/\/zonaroja.com.mx\/index.php?rest_route=\/wp\/v2\/posts\/82982","targetHints":{"allow":["GET"]}}],"collection":[{"href":"https:\/\/zonaroja.com.mx\/index.php?rest_route=\/wp\/v2\/posts"}],"about":[{"href":"https:\/\/zonaroja.com.mx\/index.php?rest_route=\/wp\/v2\/types\/post"}],"author":[{"embeddable":true,"href":"https:\/\/zonaroja.com.mx\/index.php?rest_route=\/wp\/v2\/users\/2"}],"replies":[{"embeddable":true,"href":"https:\/\/zonaroja.com.mx\/index.php?rest_route=%2Fwp%2Fv2%2Fcomments&post=82982"}],"version-history":[{"count":1,"href":"https:\/\/zonaroja.com.mx\/index.php?rest_route=\/wp\/v2\/posts\/82982\/revisions"}],"predecessor-version":[{"id":82984,"href":"https:\/\/zonaroja.com.mx\/index.php?rest_route=\/wp\/v2\/posts\/82982\/revisions\/82984"}],"wp:featuredmedia":[{"embeddable":true,"href":"https:\/\/zonaroja.com.mx\/index.php?rest_route=\/wp\/v2\/media\/82983"}],"wp:attachment":[{"href":"https:\/\/zonaroja.com.mx\/index.php?rest_route=%2Fwp%2Fv2%2Fmedia&parent=82982"}],"wp:term":[{"taxonomy":"category","embeddable":true,"href":"https:\/\/zonaroja.com.mx\/index.php?rest_route=%2Fwp%2Fv2%2Fcategories&post=82982"},{"taxonomy":"post_tag","embeddable":true,"href":"https:\/\/zonaroja.com.mx\/index.php?rest_route=%2Fwp%2Fv2%2Ftags&post=82982"}],"curies":[{"name":"wp","href":"https:\/\/api.w.org\/{rel}","templated":true}]}}