{"id":82987,"date":"2025-07-31T08:15:00","date_gmt":"2025-07-31T14:15:00","guid":{"rendered":"https:\/\/zonaroja.com.mx\/?p=82987"},"modified":"2025-07-31T07:19:13","modified_gmt":"2025-07-31T13:19:13","slug":"violencia-criminal-en-juchitan-un-asesinado-y-dos-lesionados","status":"publish","type":"post","link":"https:\/\/zonaroja.com.mx\/?p=82987","title":{"rendered":"Violencia criminal en Juchit\u00e1n: un asesinado y dos lesionados"},"content":{"rendered":"\n<p>Raymundo Morales\/Zona Roja.<\/p>\n\n\n\n<p>Oaxaca, Oax., a 31 de julio de 2025.- La violencia criminal no cesa en Juchit\u00e1n de Zaragoza y el saldo de ayer fue de una persona ejecutada a balazos y dos m\u00e1s lesionadas.<\/p>\n\n\n\n<p>El ataque armado se registr\u00f3 en la colonia Trujillo, donde fue acribillado un individuo, identificado despu\u00e9s como Carlos V. A., de aproximadamente 25 a\u00f1os de edad.<\/p>\n\n\n\n<p>Sujetos armados dispararon en contra de quienes se encontraban dentro de un bar, entre ellos el due\u00f1o del establecimiento que result\u00f3 muerto, y dos individuos m\u00e1s, cuyas identidades a\u00fan se desconocen.<\/p>\n\n\n\n<p>Tras ello, familiares del hoy occiso llegaron de inmediato al sitio y retiraron el cuerpo; los otros dos fueron trasladados a un hospital cercano.<\/p>\n\n\n\n<p>Cabe recordar que apenas el lunes pasado fue asesinada a balazos una mujer en Juchit\u00e1n, quien en vida respondi\u00f3 al nombre de Reyna Bel\u00e9n, de 23 a\u00f1os de edad.<\/p>\n\n\n\n<p>Tanto de ese caso como el de anoche, la Fiscal\u00eda General del Estado de Oaxaca contin\u00faa las indagatorias para dar con los responsables.<\/p>\n\n\n\n<p>EN SALINA CRUZ<\/p>\n\n\n\n<p>Por otra parte, en el municipio de Salina Cruz se registr\u00f3 ayer por la tarde un asalto a un cami\u00f3n repartidor de gas dom\u00e9stico.<\/p>\n\n\n\n<p>Ocurri\u00f3 en inmediaciones de la colonia La Hacienda, donde sujetos armados interpretaron la unidad de motor de la empresa Gas del Tr\u00f3pico; tras golpear al chofer, bajaron todos los tanques de gas LP y se retiraron de la zona a bordo de un veh\u00edculo.<\/p>\n\n\n\n<p>Tras la llamada de auxilio, arribaron corporaciones policiacas y montaron un operativo de b\u00fasqueda de los delincuentes, sin \u00e9xito alguno; mientras tanto el conductor de la unidad fue llevado a un hospital para su atenci\u00f3n m\u00e9dica.<\/p>\n","protected":false},"excerpt":{"rendered":"<p>Raymundo Morales\/Zona Roja. Oaxaca, Oax., a 31 de julio de 2025.- La violencia criminal no&hellip;<\/p>\n","protected":false},"author":2,"featured_media":82988,"comment_status":"closed","ping_status":"open","sticky":false,"template":"","format":"standard","meta":{"_lmt_disableupdate":"","_lmt_disable":"","_jetpack_memberships_contains_paid_content":false,"footnotes":""},"categories":[109,51],"tags":[297],"class_list":["post-82987","post","type-post","status-publish","format-standard","has-post-thumbnail","hentry","category-minuto-a-minuto","category-zona-roja","tag-ejecutado-juchitan"],"jetpack_featured_media_url":"https:\/\/zonaroja.com.mx\/wp-content\/uploads\/2025\/07\/Asesinato-Juchitan-miercoles-30-de-agosto.jpeg","jetpack_sharing_enabled":true,"_links":{"self":[{"href":"https:\/\/zonaroja.com.mx\/index.php?rest_route=\/wp\/v2\/posts\/82987","targetHints":{"allow":["GET"]}}],"collection":[{"href":"https:\/\/zonaroja.com.mx\/index.php?rest_route=\/wp\/v2\/posts"}],"about":[{"href":"https:\/\/zonaroja.com.mx\/index.php?rest_route=\/wp\/v2\/types\/post"}],"author":[{"embeddable":true,"href":"https:\/\/zonaroja.com.mx\/index.php?rest_route=\/wp\/v2\/users\/2"}],"replies":[{"embeddable":true,"href":"https:\/\/zonaroja.com.mx\/index.php?rest_route=%2Fwp%2Fv2%2Fcomments&post=82987"}],"version-history":[{"count":1,"href":"https:\/\/zonaroja.com.mx\/index.php?rest_route=\/wp\/v2\/posts\/82987\/revisions"}],"predecessor-version":[{"id":82989,"href":"https:\/\/zonaroja.com.mx\/index.php?rest_route=\/wp\/v2\/posts\/82987\/revisions\/82989"}],"wp:featuredmedia":[{"embeddable":true,"href":"https:\/\/zonaroja.com.mx\/index.php?rest_route=\/wp\/v2\/media\/82988"}],"wp:attachment":[{"href":"https:\/\/zonaroja.com.mx\/index.php?rest_route=%2Fwp%2Fv2%2Fmedia&parent=82987"}],"wp:term":[{"taxonomy":"category","embeddable":true,"href":"https:\/\/zonaroja.com.mx\/index.php?rest_route=%2Fwp%2Fv2%2Fcategories&post=82987"},{"taxonomy":"post_tag","embeddable":true,"href":"https:\/\/zonaroja.com.mx\/index.php?rest_route=%2Fwp%2Fv2%2Ftags&post=82987"}],"curies":[{"name":"wp","href":"https:\/\/api.w.org\/{rel}","templated":true}]}}