{"id":8299,"date":"2020-02-01T15:44:13","date_gmt":"2020-02-01T21:44:13","guid":{"rendered":"http:\/\/www.zonaroja.com.mx\/?p=8299"},"modified":"2020-02-01T15:44:17","modified_gmt":"2020-02-01T21:44:17","slug":"a-20-dias-de-protesta-de-los-servicios-de-salud-sigue-incertidumbre-laboral","status":"publish","type":"post","link":"https:\/\/zonaroja.com.mx\/?p=8299","title":{"rendered":"A 20 d\u00edas de protesta de los Servicios de Salud, sigue incertidumbre laboral"},"content":{"rendered":"\n<p>Yuridiana Sosa\/Zona Roja.<\/p>\n\n\n\n<p>Oaxaca de Ju\u00e1rez, Oax., 1 de febrero de\n2020.- La manifestaci\u00f3n para exigir certeza laboral para 560 trabajadores del\nextinto R\u00e9gimen Estatal de Protecci\u00f3n Social en Salud, Seguro Popular, en\nOaxaca se mantiene de menare indefinida ante la nula respuesta del gobierno\nestatal sobre el destino de los trabajadores.<\/p>\n\n\n\n<p>Desde el pasado 12 de enero, los\ntrabajadores del sector salud, principalmente de la Secci\u00f3n 9 del Sindicato\nIndependiente Nacional de Trabajadores de Salud, comenzaron con una jornada de\nlucha para exigir la recontrataci\u00f3n de sus agremiados luego del anuncio de\ndesaparici\u00f3n del Seguro Popular para dar paso al Instituto de Salud y Bienestar\n(Insabi).<\/p>\n\n\n\n<p>Este viernes, los trabajadores\nafectados y agrupados en un \u00fanico frente, reafirmaron que continuar\u00e1n su\nprotesta hasta alcanzar resultados favorables para los afectados, quienes se\ninstalaron en plant\u00f3n en las oficinas centrales de los Servicios de Salud de\nOaxaca (SSO).<\/p>\n\n\n\n<p>Los inconformes, encabezados por el\nsecretario general de la Secci\u00f3n 9 del SINTS, Genaro Villalobos S\u00e1nchez,\nse\u00f1alaron la violaci\u00f3n al derecho a un trabajo, adem\u00e1s que la decisi\u00f3n de no\nrecontratarlos para este a\u00f1o fue arbitraria y de \u00faltimo momento.<\/p>\n\n\n\n<p>El representa de los afectados indic\u00f3\nque el gobierno federal inform\u00f3 que ya destin\u00f3 para Oaxaca dos mil millones de\npesos para el Insabi, con la autorizaci\u00f3n para que un porcentaje cubra la recontrataci\u00f3n\nde trabajadores.<\/p>\n\n\n\n<p>Pero el gobierno estatal excusa que no\nse ha depositado el dinero o que a\u00fan no existen reglas de operaci\u00f3n para hacer\nuso del recurso.<\/p>\n\n\n\n<p>La inconformidad de los ex trabajadores\ndel extinto Seguro Popular provoc\u00f3 la suspensi\u00f3n de la comparecencia del\nsecretario de Salud, Donato Casas, el pasado 25 de enero, cuando los afectados\narribaron al Congreso estatal.<\/p>\n","protected":false},"excerpt":{"rendered":"<p>Yuridiana Sosa\/Zona Roja. Oaxaca de Ju\u00e1rez, Oax., 1 de febrero de 2020.- La manifestaci\u00f3n para&hellip;<\/p>\n","protected":false},"author":2,"featured_media":8300,"comment_status":"closed","ping_status":"open","sticky":false,"template":"","format":"standard","meta":{"_lmt_disableupdate":"","_lmt_disable":"","_jetpack_memberships_contains_paid_content":false,"footnotes":""},"categories":[109,47],"tags":[1005],"class_list":["post-8299","post","type-post","status-publish","format-standard","has-post-thumbnail","hentry","category-minuto-a-minuto","category-zona-gris","tag-servicios-de-salud-de-oaxaca-sso"],"jetpack_featured_media_url":"https:\/\/zonaroja.com.mx\/wp-content\/uploads\/2020\/02\/Protesta-Seguro-Popular.jpg","jetpack_sharing_enabled":true,"_links":{"self":[{"href":"https:\/\/zonaroja.com.mx\/index.php?rest_route=\/wp\/v2\/posts\/8299","targetHints":{"allow":["GET"]}}],"collection":[{"href":"https:\/\/zonaroja.com.mx\/index.php?rest_route=\/wp\/v2\/posts"}],"about":[{"href":"https:\/\/zonaroja.com.mx\/index.php?rest_route=\/wp\/v2\/types\/post"}],"author":[{"embeddable":true,"href":"https:\/\/zonaroja.com.mx\/index.php?rest_route=\/wp\/v2\/users\/2"}],"replies":[{"embeddable":true,"href":"https:\/\/zonaroja.com.mx\/index.php?rest_route=%2Fwp%2Fv2%2Fcomments&post=8299"}],"version-history":[{"count":1,"href":"https:\/\/zonaroja.com.mx\/index.php?rest_route=\/wp\/v2\/posts\/8299\/revisions"}],"predecessor-version":[{"id":8301,"href":"https:\/\/zonaroja.com.mx\/index.php?rest_route=\/wp\/v2\/posts\/8299\/revisions\/8301"}],"wp:featuredmedia":[{"embeddable":true,"href":"https:\/\/zonaroja.com.mx\/index.php?rest_route=\/wp\/v2\/media\/8300"}],"wp:attachment":[{"href":"https:\/\/zonaroja.com.mx\/index.php?rest_route=%2Fwp%2Fv2%2Fmedia&parent=8299"}],"wp:term":[{"taxonomy":"category","embeddable":true,"href":"https:\/\/zonaroja.com.mx\/index.php?rest_route=%2Fwp%2Fv2%2Fcategories&post=8299"},{"taxonomy":"post_tag","embeddable":true,"href":"https:\/\/zonaroja.com.mx\/index.php?rest_route=%2Fwp%2Fv2%2Ftags&post=8299"}],"curies":[{"name":"wp","href":"https:\/\/api.w.org\/{rel}","templated":true}]}}