{"id":82990,"date":"2025-07-31T09:00:00","date_gmt":"2025-07-31T15:00:00","guid":{"rendered":"https:\/\/zonaroja.com.mx\/?p=82990"},"modified":"2025-07-31T07:24:57","modified_gmt":"2025-07-31T13:24:57","slug":"eroga-gobierno-municipal-de-oaxaca-2-mdp-en-renta-de-oficinas","status":"publish","type":"post","link":"https:\/\/zonaroja.com.mx\/?p=82990","title":{"rendered":"Eroga gobierno municipal de Oaxaca 2 mdp en renta de oficinas"},"content":{"rendered":"\n<p>Lisbeth Mej\u00eda Reyes\/Zona Roja.<\/p>\n\n\n\n<p>Oaxaca, Oax., a 31 de julio de 2025.- A seis a\u00f1os del fallido proyecto del ex edil Oswaldo Garc\u00eda Jarqu\u00edn, el presidente municipal de Oaxaca de Ju\u00e1rez, Raymundo Chagoya Villanueva, volvi\u00f3 a plantear el proyecto de una \u00abciudad administrativa\u00bb municipal, en la que est\u00e9n concentradas todas las dependencias y dem\u00e1s \u00e1reas del ayuntamiento.<\/p>\n\n\n\n<p>Este mi\u00e9rcoles, desde la agencia Montoya, el primer concejal se\u00f1al\u00f3 que la idea es que el nuevo complejo albergue a los casi cuatro mil empleados y empleadas del ayuntamiento, que actualmente est\u00e1n en el palacio municipal (1,500) y en 29 inmuebles rentados (2,509).&nbsp;<\/p>\n\n\n\n<p>Esta \u00abciudad administrativa\u00bb, asegur\u00f3, ser\u00e1 un bien municipal para tener un patrimonio, mejorar la atenci\u00f3n a la ciudadan\u00eda y eliminar los gastos en rentas que representan m\u00e1s de dos millones de pesos, aunque no especific\u00f3 si mensual o de otra temporalidad.<\/p>\n\n\n\n<p>Expuso que en el territorio municipal solamente hay dos inmuebles que podr\u00edan ser viables para ser \u00abciudades administrativas\u00bb, pero todav\u00eda no hay fecha para que se concrete el proyecto. Sin embargo, descart\u00f3 que este implique un endeudamiento para el municipio.<\/p>\n\n\n\n<p>PROYECTO A\u00d1EJO<\/p>\n\n\n\n<p>La idea de una \u201cciudad administrativa\u201d municipal no es nueva. En abril de 2019, el ex edil Oswaldo Garc\u00eda Jarqu\u00edn anunci\u00f3 la creaci\u00f3n del Centro Integral de Servicios (CIS) para dejar de rentar 36 inmuebles por los que se gastaban 1.7 millones de pesos al mes.&nbsp;<\/p>\n\n\n\n<p>El proyecto, previsto para operar en un inmueble privado de la reci\u00e9n nombrada calle del Instituto Mexicano del Seguro Social, no se concret\u00f3 y en su lugar solamente se habilit\u00f3 el espacio rentado en la agencia Candiani, por el que se estima que de septiembre del 2019 y hasta el d\u00eda 31 de diciembre del 2021 se iban a pagar m\u00e1s de 11 millones de pesos en renta.&nbsp;<\/p>\n\n\n\n<p>Adem\u00e1s de que se efectuaron obras p\u00fablicas municipales en sus alrededores por 15 millones de pesos. Tambi\u00e9n, seg\u00fan un informe del edil Francisco Mart\u00ednez Neri, el municipio firm\u00f3 un contrato de arrendamiento del inmueble el 2 de enero de 2020, para pagar 464 mil pesos mensuales en renta. Sin embargo, al recibir la presidencia, en 2022, el municipio a\u00fan deb\u00eda tres millones 248 mil pesos.<\/p>\n\n\n\n<p>SIN PATRIMONIO<\/p>\n\n\n\n<p>De acuerdo con el presidente municipal, Raymundo Chagoya, \u00abel municipio \u00fanicamente tiene como patrimonio el palacio municipal y no hay oficinas que sean del municipio\u00bb.&nbsp;<\/p>\n\n\n\n<p>Aunque seg\u00fan los datos de la direcci\u00f3n de patrimonio, entre los bienes propiedad municipal est\u00e1n la antigua Estaci\u00f3n del Ferrocarril, en donde bajo comodato ha operado el Museo Infantil de Oaxaca, y el inmueble de Porfirio D\u00edaz 115, donde est\u00e1 la biblioteca Henestrosa, tambi\u00e9n bajo la figura de comodato. Ambas iniciativas de la de la Fundaci\u00f3n Alfredo Harp Hel\u00fa Oaxaca.<\/p>\n\n\n\n<p>LAS RENTAS<\/p>\n\n\n\n<p>Chagoya Villanueva se\u00f1al\u00f3 que al iniciar su administraci\u00f3n el ayuntamiento manten\u00eda en renta 32 oficinas, \u00abde las cuales ninguna era id\u00f3nea para ser oficina y todas eran compromisos de presidentes anteriores que le rentaban las oficinas a sus amigos, familiares, a sus funcionarios\u00bb.&nbsp;<\/p>\n\n\n\n<p>Entre estas, hab\u00eda una oficina de la Secretar\u00eda de Cultura \u00abpropiedad de una ex funcionaria\u00bb y por lo cual se abri\u00f3 \u00abun expediente en el \u00f3rgano interno de control\u00bb.&nbsp;<\/p>\n\n\n\n<p>Un caso similar es la oficina de Catastro, que es \u00abde un familiar de un ex funcionario\u00bb y en la que en la pasada administraci\u00f3n se invirtieron un mill\u00f3n y medio de pesos. Sobre este caso, explic\u00f3 que el \u00e1rea de Catastro se est\u00e1 mudando a la agencia de Santa Rosa Panzacola.<\/p>\n","protected":false},"excerpt":{"rendered":"<p>Lisbeth Mej\u00eda Reyes\/Zona Roja. Oaxaca, Oax., a 31 de julio de 2025.- A seis a\u00f1os&hellip;<\/p>\n","protected":false},"author":2,"featured_media":82991,"comment_status":"closed","ping_status":"open","sticky":false,"template":"","format":"standard","meta":{"_lmt_disableupdate":"","_lmt_disable":"","_jetpack_memberships_contains_paid_content":false,"footnotes":""},"categories":[109,46],"tags":[4142],"class_list":["post-82990","post","type-post","status-publish","format-standard","has-post-thumbnail","hentry","category-minuto-a-minuto","category-zona-blanca","tag-raymundo-chagoya"],"jetpack_featured_media_url":"https:\/\/zonaroja.com.mx\/wp-content\/uploads\/2025\/07\/Raymundo-Chagoya-2.jpeg","jetpack_sharing_enabled":true,"_links":{"self":[{"href":"https:\/\/zonaroja.com.mx\/index.php?rest_route=\/wp\/v2\/posts\/82990","targetHints":{"allow":["GET"]}}],"collection":[{"href":"https:\/\/zonaroja.com.mx\/index.php?rest_route=\/wp\/v2\/posts"}],"about":[{"href":"https:\/\/zonaroja.com.mx\/index.php?rest_route=\/wp\/v2\/types\/post"}],"author":[{"embeddable":true,"href":"https:\/\/zonaroja.com.mx\/index.php?rest_route=\/wp\/v2\/users\/2"}],"replies":[{"embeddable":true,"href":"https:\/\/zonaroja.com.mx\/index.php?rest_route=%2Fwp%2Fv2%2Fcomments&post=82990"}],"version-history":[{"count":1,"href":"https:\/\/zonaroja.com.mx\/index.php?rest_route=\/wp\/v2\/posts\/82990\/revisions"}],"predecessor-version":[{"id":82992,"href":"https:\/\/zonaroja.com.mx\/index.php?rest_route=\/wp\/v2\/posts\/82990\/revisions\/82992"}],"wp:featuredmedia":[{"embeddable":true,"href":"https:\/\/zonaroja.com.mx\/index.php?rest_route=\/wp\/v2\/media\/82991"}],"wp:attachment":[{"href":"https:\/\/zonaroja.com.mx\/index.php?rest_route=%2Fwp%2Fv2%2Fmedia&parent=82990"}],"wp:term":[{"taxonomy":"category","embeddable":true,"href":"https:\/\/zonaroja.com.mx\/index.php?rest_route=%2Fwp%2Fv2%2Fcategories&post=82990"},{"taxonomy":"post_tag","embeddable":true,"href":"https:\/\/zonaroja.com.mx\/index.php?rest_route=%2Fwp%2Fv2%2Ftags&post=82990"}],"curies":[{"name":"wp","href":"https:\/\/api.w.org\/{rel}","templated":true}]}}