{"id":82993,"date":"2025-07-31T09:30:00","date_gmt":"2025-07-31T15:30:00","guid":{"rendered":"https:\/\/zonaroja.com.mx\/?p=82993"},"modified":"2025-07-31T07:45:30","modified_gmt":"2025-07-31T13:45:30","slug":"van-de-nuevo-por-desafuero-del-priista-alito-moreno-cardenas","status":"publish","type":"post","link":"https:\/\/zonaroja.com.mx\/?p=82993","title":{"rendered":"Van de nuevo por desafuero del priista \u00abAlito\u00bb Moreno C\u00e1rdenas"},"content":{"rendered":"\n<p>Redacci\u00f3n\/Zona Roja Cdmx.<\/p>\n\n\n\n<p>Ciudad de M\u00e9xico, a 31 de julio de 2025.- La Fiscal\u00eda de Campeche present\u00f3 ante la C\u00e1mara de Diputados una nueva solicitud de juicio de desafuero en contra el senador Alejandro Moreno C\u00e1rdenas, l\u00edder nacional priista y exgobernador de esa entidad de 2015 a 2019, a quien se\u00f1ala de corrupci\u00f3n.<\/p>\n\n\n\n<p>De acuerdo con las acusaciones, cuando fue mandatario estatal incurri\u00f3 en uso indebido de atribuciones y peculado: presuntamente desvi\u00f3 83 millones 508,000 pesos.<\/p>\n\n\n\n<p>Ante la nueva solicitud de desafuero, presentada y ratificada el pasado mi\u00e9rcoles, el legislador ya reaccion\u00f3 en la red social X y ayer public\u00f3 un mensaje en el que retom\u00f3 sus acusaciones de que gobernadores y l\u00edderes de Morena tienen v\u00ednculos con narcotraficantes y que insistir\u00e1 en denunciarlo.<\/p>\n\n\n\n<p>\u201cEl narcogobierno de Morena nos ha perseguido, espiado y calumniado, pero jam\u00e1s nos va a doblegar. Nunca lo lograr\u00e1n. Los priistas no nos echamos para atr\u00e1s. Vamos siempre hacia adelante\u201d, escribi\u00f3 al sugerir que las nuevas acusaciones se deben a esas denuncias.<\/p>\n\n\n\n<p>El 17 de agosto de 2022 la Fiscal\u00eda present\u00f3 una primera solicitud de desafuero en contra del priista para ser juzgado.<\/p>\n\n\n\n<p>Lo acus\u00f3 de enriquecimiento il\u00edcito, defraudaci\u00f3n fiscal y uso de recursos de procedencia il\u00edcita, luego de que salieron a la luz una serie de audios con la supuesta voz de \u201cAlito\u201d.<\/p>\n\n\n\n<p>Durante meses el audio del priista centr\u00f3 el debate, pero se ampar\u00f3 para que cesara la conducta de la mandataria Layda Sansores \u2013quien lo public\u00f3\u2013. Adem\u00e1s, tramit\u00f3 un amparo para detener el proceso de desafuero, mismo que qued\u00f3 congelado al concluir la 65 Legislatura, en septiembre de 2024.<\/p>\n\n\n\n<p>De acuerdo con el presidente de la Secci\u00f3n Instructora (SI) de la C\u00e1mara de Diputados, instancia que debe analizar las solicitudes de desafuero, Hugo Eric Flores Cervantes, el expediente se archiv\u00f3 y no se le dio tr\u00e1mite.<\/p>\n\n\n\n<p>Seg\u00fan el l\u00edder del PRI, el caso fue desechado por \u201cempate\u201d, pues dos diputados votaron por darle curso y dos por desecharlo. Adem\u00e1s, agreg\u00f3 gan\u00f3 un juicio de amparo.<\/p>\n\n\n\n<p>La interpretaci\u00f3n jur\u00eddica de Flores Cervantes es que el expediente estaba archivado, no desechado, y la nueva integraci\u00f3n de la Secci\u00f3n Instructora puede reactivarlo.<\/p>\n\n\n\n<p>El pasado dos de julio Flores Cervantes inform\u00f3 que el caso segu\u00eda vigente y que hab\u00eda recibido nueva informaci\u00f3n de la Fiscal\u00eda por lo que este mes habr\u00eda noticias.<\/p>\n\n\n\n<p>\u201cEso estaba reactivado pero no nos cre\u00edan. Era uno de los asuntos pendientes que nos encontramos en la Secci\u00f3n Instructora. No estamos reactivando nada, simplemente estamos siguiendo un procedimiento que desde nuestro punto de vista no estaba concluido\u201d, coment\u00f3.<\/p>\n\n\n\n<p>Sin embargo, ahora la Fiscal\u00eda present\u00f3 su nueva solicitud de juicio de desafuero por delitos distintos.<\/p>\n\n\n\n<p>NUEVOS DETALLES<\/p>\n\n\n\n<p>Mexicanos contra la Corrupci\u00f3n y la Impunidad (MCCI) dio a conocer detalles de cuatro nuevos casos por los que se acusa a Moreno C\u00e1rdenas.<\/p>\n\n\n\n<p>Se trata de supuestos pagos a la Secretar\u00eda de Seguridad con recursos del FASP por 27.2 millones de pesos; irregularidades en la construcci\u00f3n de la Plaza Colosio por 18.3 millones de pesos; otros 14.2 millones en pagos a una televisora y 23.8 millones de pesos relacionados con pagos a la Administradora Portuaria Integral de Campeche (Apicam).<\/p>\n\n\n\n<p>Seg\u00fan MMCI, en las indagatorias abiertas en Campeche por todo ello se imputan a Moreno C\u00e1rdenas los delitos de uso indebido de atribuciones y peculado por el probable desv\u00edo de 83.5 millones de pesos, seg\u00fan consta en cuatro carpetas de investigaci\u00f3n ya fueron judicializadas y por las que cuatro exfuncionarios enfrentan procesos penales.<\/p>\n\n\n\n<p>De acuerdo con los expedientes, hay 17 personas involucradas, entre ellas exfuncionarios de la administraci\u00f3n del priista, y dos personas que ya se apegaron a un \u201ccriterio de oportunidad\u201d ante la Fiscal\u00eda de Campeche, por lo que ya colaboran con las investigaciones aportando informaci\u00f3n.<\/p>\n\n\n\n<p>El esquema por el que cometieron los il\u00edcitos consisti\u00f3 en contratar servicios y realizar pagos sin respaldo documental o material, seg\u00fan la investigaci\u00f3n.<\/p>\n\n\n\n<p>Un caso consiste en el supuesto pago a dos personas que fungieron como prestanombres para desviar recursos con servicios simulados en la Secretar\u00eda de Seguridad P\u00fablica de Campeche (SSPCAM), que durante el gobierno de Moreno C\u00e1rdenas estuvo encabezada por Jorge \u201cN\u201d, uno de los imputados.<\/p>\n\n\n\n<p>Los testigos revelaron que les pagaron alrededor de 4,000 pesos a cambio de entregar documentaci\u00f3n personal, la cual presuntamente fue empleada para facturar servicios por 27.2 millones de pesos.<\/p>\n\n\n\n<p>Los servicios, de acuerdo con MCCI, consistieron en venta de alimentos y en traslado de polic\u00edas de Campeche hacia destacamentos en zonas lejanas como Calakmul, adem\u00e1s de servicios de mantenimiento a aires acondicionados o a patrullas, todos servicios de dif\u00edcil comprobaci\u00f3n.<\/p>\n\n\n\n<p>(Informaci\u00f3n de \u201cExpansi\u00f3n Pol\u00edtica\u201d)<\/p>\n","protected":false},"excerpt":{"rendered":"<p>Redacci\u00f3n\/Zona Roja Cdmx. Ciudad de M\u00e9xico, a 31 de julio de 2025.- La Fiscal\u00eda de&hellip;<\/p>\n","protected":false},"author":2,"featured_media":82994,"comment_status":"closed","ping_status":"open","sticky":false,"template":"","format":"standard","meta":{"_lmt_disableupdate":"","_lmt_disable":"","_jetpack_memberships_contains_paid_content":false,"footnotes":""},"categories":[109,47],"tags":[314],"class_list":["post-82993","post","type-post","status-publish","format-standard","has-post-thumbnail","hentry","category-minuto-a-minuto","category-zona-gris","tag-alejandro-moreno-cardenas"],"jetpack_featured_media_url":"https:\/\/zonaroja.com.mx\/wp-content\/uploads\/2025\/07\/Alejandro-Moreno-Cardenas.jpg","jetpack_sharing_enabled":true,"_links":{"self":[{"href":"https:\/\/zonaroja.com.mx\/index.php?rest_route=\/wp\/v2\/posts\/82993","targetHints":{"allow":["GET"]}}],"collection":[{"href":"https:\/\/zonaroja.com.mx\/index.php?rest_route=\/wp\/v2\/posts"}],"about":[{"href":"https:\/\/zonaroja.com.mx\/index.php?rest_route=\/wp\/v2\/types\/post"}],"author":[{"embeddable":true,"href":"https:\/\/zonaroja.com.mx\/index.php?rest_route=\/wp\/v2\/users\/2"}],"replies":[{"embeddable":true,"href":"https:\/\/zonaroja.com.mx\/index.php?rest_route=%2Fwp%2Fv2%2Fcomments&post=82993"}],"version-history":[{"count":1,"href":"https:\/\/zonaroja.com.mx\/index.php?rest_route=\/wp\/v2\/posts\/82993\/revisions"}],"predecessor-version":[{"id":82995,"href":"https:\/\/zonaroja.com.mx\/index.php?rest_route=\/wp\/v2\/posts\/82993\/revisions\/82995"}],"wp:featuredmedia":[{"embeddable":true,"href":"https:\/\/zonaroja.com.mx\/index.php?rest_route=\/wp\/v2\/media\/82994"}],"wp:attachment":[{"href":"https:\/\/zonaroja.com.mx\/index.php?rest_route=%2Fwp%2Fv2%2Fmedia&parent=82993"}],"wp:term":[{"taxonomy":"category","embeddable":true,"href":"https:\/\/zonaroja.com.mx\/index.php?rest_route=%2Fwp%2Fv2%2Fcategories&post=82993"},{"taxonomy":"post_tag","embeddable":true,"href":"https:\/\/zonaroja.com.mx\/index.php?rest_route=%2Fwp%2Fv2%2Ftags&post=82993"}],"curies":[{"name":"wp","href":"https:\/\/api.w.org\/{rel}","templated":true}]}}