{"id":83010,"date":"2025-07-31T19:29:11","date_gmt":"2025-08-01T01:29:11","guid":{"rendered":"https:\/\/zonaroja.com.mx\/?p=83010"},"modified":"2025-07-31T19:29:13","modified_gmt":"2025-08-01T01:29:13","slug":"yo-creo-que-el-nos-respeta-y-nosotros-lo-respetamos-claudia-sobre-trump","status":"publish","type":"post","link":"https:\/\/zonaroja.com.mx\/?p=83010","title":{"rendered":"\u201cYo creo que el nos respeta y nosotros lo respetamos\u201d: Claudia sobre Trump"},"content":{"rendered":"\n<p>Redacci\u00f3n\/Zona Roja Cdmx.<\/p>\n\n\n\n<p>Ciudad de M\u00e9xico, a 31 de julio de 2025.- La presidenta Claudia Sheinbaum Pardo tuvo esta ma\u00f1ana su novena llamada telef\u00f3nica con su hom\u00f3logo, Donald Trump, en la cual acordaron una pr\u00f3rroga de 90 d\u00edas para el pago de aranceles a todas las importaciones, un d\u00eda antes de que dicha medida entre en vigor a nivel mundial.<\/p>\n\n\n\n<p>En su conferencia ma\u00f1anera de hoy, la mandataria detall\u00f3 que la llamada con Trump tuvo una duraci\u00f3n de aproximadamente 40 minutos y que estuvieron presentes los secretarios Juan Ram\u00f3n de la Fuente, de Relaciones Exteriores; Marcelo Ebrard, de Econom\u00eda, y Roberto Velasco, subsecretario para Am\u00e9rica del Norte.<\/p>\n\n\n\n<p>No obstante, fue cuestionada sobre c\u00f3mo ha sido negociar con el mandatario republicano, quien se ha destacado por ser firme, radical y r\u00edgido en cuanto a la implementaci\u00f3n de sus pol\u00edticas arancelarias.<\/p>\n\n\n\n<p>Sheinbaum evit\u00f3 dar una respuesta clara y detallada sobre c\u00f3mo es el negociar con su hom\u00f3logo estadounidense; sin embargo, dijo que considera un aspecto importante no confrontar y defender los principios de su gobierno.<\/p>\n\n\n\n<p>Agreg\u00f3 que tambi\u00e9n se deben buscar distintas soluciones a lo que propone Trump y marcar la relaci\u00f3n de respeto.<\/p>\n\n\n\n<p>\u201cYo creo que lo importante es no confrontar, defender nuestros principios, lo que pensamos, buscar siempre distintas salidas al planteamiento que hace el presidente Trump, y mantener una relaci\u00f3n de respeto permanente.<\/p>\n\n\n\n<p>\u201cYo creo que el nos respeta y nosotros lo respetamos como lo que somos: vecinos electos por nuestros pueblos\u201d, mencion\u00f3.<\/p>\n\n\n\n<p>Asimismo, enfatiz\u00f3 que en la llamada de hoy \u201cfuncion\u00f3\u201d su estrategia de tener la cabeza fr\u00eda y ser firme en los principios del gobierno de M\u00e9xico.<\/p>\n\n\n\n<p>\u201cFuncion\u00f3 nuestra estrategia de cabeza fr\u00eda, temple y con firmeza de nuestros principios\u201d, asever\u00f3.<\/p>\n\n\n\n<p>Destac\u00f3 que por ello, M\u00e9xico sigue teniendo el mejor acuerdo posible con Estados Unidos, \u201cdentro del nuevo orden comercial mundial\u201d.<\/p>\n\n\n\n<p>\u201cRealmente M\u00e9xico sigue siendo hoy, dentro de este nuevo orden mundial, por que es nuevo orden comercial mundial, tenemos el mejor acuerdo posible, comparado incluso con las dem\u00e1s naciones, invertir en M\u00e9xico sigue siendo la mejor opci\u00f3n\u201d, concluy\u00f3.<\/p>\n\n\n\n<p>En lo que va del actual sexenio, Sheinbaum ha dialogado por tel\u00e9fono nueve veces con Donald Trump, la mayor\u00eda de ellas sobre temas de migraci\u00f3n, pago de aranceles y narcotr\u00e1fico, sin que hasta el momento se hayan reunido en persona.<\/p>\n\n\n\n<p>En junio pasado ten\u00edan previsto reunirse en Canad\u00e1, durante la Cumbre del G7; sin embargo, el republicano regres\u00f3 a Estados Unidos un d\u00eda antes de que llegara Sheinbaum al evento.<\/p>\n\n\n\n<p>(Informaci\u00f3n de Infobae M\u00e9xico)<\/p>\n","protected":false},"excerpt":{"rendered":"<p>Redacci\u00f3n\/Zona Roja Cdmx. Ciudad de M\u00e9xico, a 31 de julio de 2025.- La presidenta Claudia&hellip;<\/p>\n","protected":false},"author":2,"featured_media":83011,"comment_status":"closed","ping_status":"open","sticky":false,"template":"","format":"standard","meta":{"_lmt_disableupdate":"","_lmt_disable":"","_jetpack_memberships_contains_paid_content":false,"footnotes":""},"categories":[109,46],"tags":[3370],"class_list":["post-83010","post","type-post","status-publish","format-standard","has-post-thumbnail","hentry","category-minuto-a-minuto","category-zona-blanca","tag-claudia-sheinbaum"],"jetpack_featured_media_url":"https:\/\/zonaroja.com.mx\/wp-content\/uploads\/2025\/07\/Presidenta-claudia-Sheinbaum.jpeg","jetpack_sharing_enabled":true,"_links":{"self":[{"href":"https:\/\/zonaroja.com.mx\/index.php?rest_route=\/wp\/v2\/posts\/83010","targetHints":{"allow":["GET"]}}],"collection":[{"href":"https:\/\/zonaroja.com.mx\/index.php?rest_route=\/wp\/v2\/posts"}],"about":[{"href":"https:\/\/zonaroja.com.mx\/index.php?rest_route=\/wp\/v2\/types\/post"}],"author":[{"embeddable":true,"href":"https:\/\/zonaroja.com.mx\/index.php?rest_route=\/wp\/v2\/users\/2"}],"replies":[{"embeddable":true,"href":"https:\/\/zonaroja.com.mx\/index.php?rest_route=%2Fwp%2Fv2%2Fcomments&post=83010"}],"version-history":[{"count":1,"href":"https:\/\/zonaroja.com.mx\/index.php?rest_route=\/wp\/v2\/posts\/83010\/revisions"}],"predecessor-version":[{"id":83012,"href":"https:\/\/zonaroja.com.mx\/index.php?rest_route=\/wp\/v2\/posts\/83010\/revisions\/83012"}],"wp:featuredmedia":[{"embeddable":true,"href":"https:\/\/zonaroja.com.mx\/index.php?rest_route=\/wp\/v2\/media\/83011"}],"wp:attachment":[{"href":"https:\/\/zonaroja.com.mx\/index.php?rest_route=%2Fwp%2Fv2%2Fmedia&parent=83010"}],"wp:term":[{"taxonomy":"category","embeddable":true,"href":"https:\/\/zonaroja.com.mx\/index.php?rest_route=%2Fwp%2Fv2%2Fcategories&post=83010"},{"taxonomy":"post_tag","embeddable":true,"href":"https:\/\/zonaroja.com.mx\/index.php?rest_route=%2Fwp%2Fv2%2Ftags&post=83010"}],"curies":[{"name":"wp","href":"https:\/\/api.w.org\/{rel}","templated":true}]}}