{"id":83014,"date":"2025-07-31T20:37:57","date_gmt":"2025-08-01T02:37:57","guid":{"rendered":"https:\/\/zonaroja.com.mx\/?p=83014"},"modified":"2025-07-31T20:37:57","modified_gmt":"2025-08-01T02:37:57","slug":"aguas-negras-pusieron-en-riesgo-a-bebes-en-hospital-de-oaxaca-acusan-indolencia-del-imss","status":"publish","type":"post","link":"https:\/\/zonaroja.com.mx\/?p=83014","title":{"rendered":"Aguas negras pusieron en riesgo a beb\u00e9s en hospital de Oaxaca; acusan indolencia del IMSS"},"content":{"rendered":"\n<p>Lisbeth Mej\u00eda Reyes\/Zona Roja.&nbsp;<\/p>\n\n\n\n<p>Oaxaca, Oax., a 31 de julio de 2025.- El pasado lunes, las aguas negras de la red sanitaria cayeron sobre la camilla de un beb\u00e9 que d\u00edas antes \u00abhab\u00eda estado muy grave\u00bb.&nbsp;<\/p>\n\n\n\n<p>Afortunadamente, el menor se encuentra estable, cuenta la m\u00e9dica residente Gladys Mendoza Rodr\u00edguez sobre uno de los \u00faltimos desperfectos y carencias en el Hospital Civil \u201cDr. Aurelio Valdivieso\u201d, de la ciudad de Oaxaca.&nbsp;<\/p>\n\n\n\n<p>Esta unidad m\u00e9dica de tercer nivel cumpli\u00f3 60 a\u00f1os el pasado 5 de mayo, pero a su edad muestra graves deterioros por el abandono gubernamental o institucional que acusa la Subsecci\u00f3n 07 del Sindicato Nacional de Trabajadores de la Secretar\u00eda de Salud (SNTSA).&nbsp;<\/p>\n\n\n\n<p>El hospital es el que requiere ahora de terapia intensiva, pues adem\u00e1s del deterioro de la infraestructura y de la falta constante de insumos se ha quedado sin alimentos.<\/p>\n\n\n\n<p>Primero a trav\u00e9s de un comunicado y&nbsp;este jueves&nbsp;en conferencia de prensa, el personal adscrito a la subsecci\u00f3n y residentes dieron a conocer p\u00fablicamente las constantes carencias y la exigencia hacia las autoridades estatales y federales para atenderlas.<\/p>\n\n\n\n<p>Esta \u00faltima tambi\u00e9n hecha en d\u00edas pasados a trav\u00e9s de escritos dirigidos al gobernador Salom\u00f3n Jara Cruz, al director de los Servicios de Salud del Instituto Mexicano del Seguro Social para el Bienestar (IMSS-Bienestar), Alejandro Svarch P\u00e9rez, y a la coordinadora estatal del IMSS Bienestar, Elia Hern\u00e1ndez. Tambi\u00e9n a la dirigencia del sindicato.<\/p>\n\n\n\n<p>Las crisis del hospital se ha agravado en el \u00faltimo a\u00f1o con la transici\u00f3n de esta unidad del \u00e1mbito estatal al federal, al IMSS-Bienestar, explicaron integrantes de la subsecci\u00f3n y una m\u00e9dica residente.<\/p>\n\n\n\n<p>\u00abEstamos en un proceso de transici\u00f3n que nos ha venido a lesionar no \u00fanicamente los derechos laborales sino tambi\u00e9n la atenci\u00f3n a la poblaci\u00f3n oaxaque\u00f1a\u00bb.<\/p>\n\n\n\n<p>Desde hace siete meses, seg\u00fan testimonios citados por el personal, las autoridades dejaron de pagarle a los proveedores, entre estos la empresa que les otorgaba alimentos: Nutriblen.&nbsp;<\/p>\n\n\n\n<p>Ante la falta de pago, la empresa ha dejado de darles insumos, lo que oblig\u00f3 al hospital a dejar de proporcionar alimentos al personal y a las y los becarios desde el 30 de julio.&nbsp;<\/p>\n\n\n\n<p>Sin embargo, lo que queda son solamente latas de at\u00fan y de verduras que apenas alcanzan para dos d\u00edas.<\/p>\n\n\n\n<p>Marisol Ojeda Luna, jefa de nutriolog\u00eda, detall\u00f3 que diamante se requieren de mil 400 raciones diarias para residentes, internos, personal adscrito y pacientes. Pero sin alimentos ya no hay posibilidades para sobrevivir en los pr\u00f3ximos d\u00edas. <\/p>\n\n\n\n<p>\u00abNo es que estemos inventando, como siempre se dice\u00bb, expres\u00f3 Ojeda, al aclarar que ni siquiera hay f\u00f3rmula l\u00e1ctea para los beb\u00e9s.<\/p>\n\n\n\n<p>Se\u00f1al\u00f3 que el gobierno estatal se ha escudado en que ya no tiene que intervenir en este hospital, pues es responsabilidad del gobierno federal.<\/p>\n\n\n\n<p>Gladys, la m\u00e9dica residente, detall\u00f3 que debido a las carencias del hospital, en pediatr\u00eda se las tienen que ingeniar para tratar a los pacientes.&nbsp;<\/p>\n\n\n\n<p>Ahora, con la falta de alimentos y de que varios pacientes pedi\u00e1tricos necesitan nutrici\u00f3n paraenteral, aumenta el riesgo de que estos se debiliten y sean susceptibles a infecciones.<\/p>\n\n\n\n<p>Del menor a cuya cama cayeron las aguas negras el pasado 28 de julio, se\u00f1al\u00f3 que afortunadamente est\u00e1 estable, pero el \u00e1rea de urgencias pedi\u00e1tricas tienen cinco pacientes m\u00e1s tuvieron que reubicar en otra \u00e1rea que no es la adecuada, lo impide garantizar su atenci\u00f3n \u00f3ptima.<\/p>\n\n\n\n<p>En conferencia de prensa y en un bolet\u00edn del 29 de mayo, el gobierno estatal dijo que \u00abse atendi\u00f3 de manera inmediata\u00bb el colaps\u00f3 de la red sanitaria, aunque la calific\u00f3 como \u00abuna eventualidad t\u00e9cnica\u00bb y asegur\u00f3 que desde el 2024 y a la fecha se han invertidoen el hospital m\u00e1s de 25 millones de pesos, \u00aben coordinaci\u00f3n con los gobiernos federal y estatal\u00bb.<\/p>\n\n\n\n<figure class=\"wp-block-embed\"><div class=\"wp-block-embed__wrapper\">\nhttps:\/\/x.com\/zonaroja_oaxaca\/status\/1950988074437001293?s=46\n<\/div><\/figure>\n","protected":false},"excerpt":{"rendered":"<p>Lisbeth Mej\u00eda Reyes\/Zona Roja.&nbsp; Oaxaca, Oax., a 31 de julio de 2025.- El pasado lunes,&hellip;<\/p>\n","protected":false},"author":2,"featured_media":83009,"comment_status":"closed","ping_status":"open","sticky":false,"template":"","format":"standard","meta":{"_lmt_disableupdate":"","_lmt_disable":"","_jetpack_memberships_contains_paid_content":false,"footnotes":""},"categories":[1],"tags":[],"class_list":["post-83014","post","type-post","status-publish","format-standard","has-post-thumbnail","hentry","category-sin-categoria"],"jetpack_featured_media_url":"https:\/\/zonaroja.com.mx\/wp-content\/uploads\/2025\/07\/Protesta-Hospital-Civil-de-Oaxaca.jpg","jetpack_sharing_enabled":true,"_links":{"self":[{"href":"https:\/\/zonaroja.com.mx\/index.php?rest_route=\/wp\/v2\/posts\/83014","targetHints":{"allow":["GET"]}}],"collection":[{"href":"https:\/\/zonaroja.com.mx\/index.php?rest_route=\/wp\/v2\/posts"}],"about":[{"href":"https:\/\/zonaroja.com.mx\/index.php?rest_route=\/wp\/v2\/types\/post"}],"author":[{"embeddable":true,"href":"https:\/\/zonaroja.com.mx\/index.php?rest_route=\/wp\/v2\/users\/2"}],"replies":[{"embeddable":true,"href":"https:\/\/zonaroja.com.mx\/index.php?rest_route=%2Fwp%2Fv2%2Fcomments&post=83014"}],"version-history":[{"count":1,"href":"https:\/\/zonaroja.com.mx\/index.php?rest_route=\/wp\/v2\/posts\/83014\/revisions"}],"predecessor-version":[{"id":83015,"href":"https:\/\/zonaroja.com.mx\/index.php?rest_route=\/wp\/v2\/posts\/83014\/revisions\/83015"}],"wp:featuredmedia":[{"embeddable":true,"href":"https:\/\/zonaroja.com.mx\/index.php?rest_route=\/wp\/v2\/media\/83009"}],"wp:attachment":[{"href":"https:\/\/zonaroja.com.mx\/index.php?rest_route=%2Fwp%2Fv2%2Fmedia&parent=83014"}],"wp:term":[{"taxonomy":"category","embeddable":true,"href":"https:\/\/zonaroja.com.mx\/index.php?rest_route=%2Fwp%2Fv2%2Fcategories&post=83014"},{"taxonomy":"post_tag","embeddable":true,"href":"https:\/\/zonaroja.com.mx\/index.php?rest_route=%2Fwp%2Fv2%2Ftags&post=83014"}],"curies":[{"name":"wp","href":"https:\/\/api.w.org\/{rel}","templated":true}]}}