{"id":8302,"date":"2020-02-01T19:37:27","date_gmt":"2020-02-02T01:37:27","guid":{"rendered":"http:\/\/www.zonaroja.com.mx\/?p=8302"},"modified":"2020-02-01T19:37:29","modified_gmt":"2020-02-02T01:37:29","slug":"localizan-sin-vida-a-trabajador-de-imss-desaparecido-en-huautla","status":"publish","type":"post","link":"https:\/\/zonaroja.com.mx\/?p=8302","title":{"rendered":"Localizan sin vida a trabajador de IMSS desaparecido en Huautla"},"content":{"rendered":"\n<p>Redacci\u00f3n\/Zona Roja.<\/p>\n\n\n\n<p>Oaxaca de Ju\u00e1rez, Oax.,1 de febrero de\n2020.- Con m\u00e1s de 10 d\u00edas desaparecido, Oth\u00f3n Rodr\u00edguez Hern\u00e1ndez, trabajador\ndel Hospital Rural n\u00famero 43 del Instituto Mexicano del Seguro Social (IMSS),\nen el municipio de Huautla de Jim\u00e9nez, fue hallado sin vida este fin de semana.<\/p>\n\n\n\n<p>El cuerpo del joven presentaba un\navanzado estado de descomposici\u00f3n, indic\u00f3 el reporte policial preliminar sobre\nel hecho registrado en la zona mazateca de Oaxaca.<\/p>\n\n\n\n<p>El pasado 20 de enero, la familia del\njoven trabajador pidi\u00f3 a trav\u00e9s de las redes sociales ayuda para localizar a\nRodr\u00edguez Hern\u00e1ndez, quien fue visto por \u00faltima vez al tomar un taxi a la\nsalida de su centro de trabajo.<\/p>\n\n\n\n<p>El padre de la v\u00edctima, el profesor\nOth\u00f3n Rodr\u00edguez Mart\u00ednez, detall\u00f3 durante su publicaci\u00f3n que su hijo abord\u00f3 un\ntaxi del servicio colectivo de Huautla cerca de las 20: 30 horas, luego de su\njornada laboral como cada d\u00eda.<\/p>\n\n\n\n<p>De acuerdo a testigos, Rodr\u00edguez\nHern\u00e1ndez fue bajado del taxi en el que viajaba del nosocomio con destino a su\nvivienda, a unos tres kil\u00f3metros de distancia.<\/p>\n\n\n\n<p>Pero, a pesar la demora para\nlocalizaci\u00f3n del joven, la unidad de personas no localizadas de la Fiscal\u00eda\nGeneral del Estado no difundi\u00f3 la ficha de b\u00fasqueda del trabajador del IMSS.<\/p>\n","protected":false},"excerpt":{"rendered":"<p>Redacci\u00f3n\/Zona Roja. Oaxaca de Ju\u00e1rez, Oax.,1 de febrero de 2020.- Con m\u00e1s de 10 d\u00edas&hellip;<\/p>\n","protected":false},"author":2,"featured_media":7915,"comment_status":"closed","ping_status":"open","sticky":false,"template":"","format":"standard","meta":{"_lmt_disableupdate":"","_lmt_disable":"","_jetpack_memberships_contains_paid_content":false,"footnotes":""},"categories":[109,51],"tags":[203],"class_list":["post-8302","post","type-post","status-publish","format-standard","has-post-thumbnail","hentry","category-minuto-a-minuto","category-zona-roja","tag-huautla-de-jimenez"],"jetpack_featured_media_url":"https:\/\/zonaroja.com.mx\/wp-content\/uploads\/2020\/01\/PHOTO-2020-01-21-21-31-09.jpg","jetpack_sharing_enabled":true,"_links":{"self":[{"href":"https:\/\/zonaroja.com.mx\/index.php?rest_route=\/wp\/v2\/posts\/8302","targetHints":{"allow":["GET"]}}],"collection":[{"href":"https:\/\/zonaroja.com.mx\/index.php?rest_route=\/wp\/v2\/posts"}],"about":[{"href":"https:\/\/zonaroja.com.mx\/index.php?rest_route=\/wp\/v2\/types\/post"}],"author":[{"embeddable":true,"href":"https:\/\/zonaroja.com.mx\/index.php?rest_route=\/wp\/v2\/users\/2"}],"replies":[{"embeddable":true,"href":"https:\/\/zonaroja.com.mx\/index.php?rest_route=%2Fwp%2Fv2%2Fcomments&post=8302"}],"version-history":[{"count":1,"href":"https:\/\/zonaroja.com.mx\/index.php?rest_route=\/wp\/v2\/posts\/8302\/revisions"}],"predecessor-version":[{"id":8303,"href":"https:\/\/zonaroja.com.mx\/index.php?rest_route=\/wp\/v2\/posts\/8302\/revisions\/8303"}],"wp:featuredmedia":[{"embeddable":true,"href":"https:\/\/zonaroja.com.mx\/index.php?rest_route=\/wp\/v2\/media\/7915"}],"wp:attachment":[{"href":"https:\/\/zonaroja.com.mx\/index.php?rest_route=%2Fwp%2Fv2%2Fmedia&parent=8302"}],"wp:term":[{"taxonomy":"category","embeddable":true,"href":"https:\/\/zonaroja.com.mx\/index.php?rest_route=%2Fwp%2Fv2%2Fcategories&post=8302"},{"taxonomy":"post_tag","embeddable":true,"href":"https:\/\/zonaroja.com.mx\/index.php?rest_route=%2Fwp%2Fv2%2Ftags&post=8302"}],"curies":[{"name":"wp","href":"https:\/\/api.w.org\/{rel}","templated":true}]}}