{"id":83024,"date":"2025-08-01T08:00:00","date_gmt":"2025-08-01T14:00:00","guid":{"rendered":"https:\/\/zonaroja.com.mx\/?p=83024"},"modified":"2025-08-01T07:02:11","modified_gmt":"2025-08-01T13:02:11","slug":"entre-invasiones-celebra-15-anos-de-cuevas-prehistoricas-de-yagul-y-mitla","status":"publish","type":"post","link":"https:\/\/zonaroja.com.mx\/?p=83024","title":{"rendered":"Entre invasiones, celebra 15 a\u00f1os de cuevas prehist\u00f3ricas de Yagul y Mitla"},"content":{"rendered":"\n<p>Lisbeth Mej\u00eda Reyes\/Zona Roja.<\/p>\n\n\n\n<p>Oaxaca, Oax., a 1 de agosto de 2025.- En una de sus cuevas se encontraron semillas de m\u00e1s de 10 mil a\u00f1os de antig\u00fcedad de plantas domesticadas, lo que representa los vestigios m\u00e1s antiguos de este tipo en el continente americano. <\/p>\n\n\n\n<p>Tambi\u00e9n se hallaron algunos fragmentos de espigas de ma\u00edz que son los testimonios m\u00e1s antiguos de la domesticaci\u00f3n de esta planta b\u00e1sica en la alimentaci\u00f3n de las y los mexicanos. Sin embargo, el sitio patrimonio mundial de las Cuevas Prehist\u00f3ricas de Yagul y Mitla enfrenta los riesgos por la invasi\u00f3n de particulares a su pol\u00edgono.<\/p>\n\n\n\n<p>La ocupaci\u00f3n de al menos 10 hect\u00e1reas ha llevado al Instituto Nacional de Antropolog\u00eda e Historia (INAH) a interponer las demandas ante la Procuradur\u00eda General de la Rep\u00fablica (PGR), explic\u00f3 Pedro Jim\u00e9nez Mart\u00ednez, custodio de zonas arqueol\u00f3gicas del INAH.<\/p>\n\n\n\n<p>En conferencia de prensa, detall\u00f3 que en los terrenos del sitio patrimonio mundial hay vestigios arqueol\u00f3gicos, por lo que se est\u00e1 siguiendo un proceso legal para la recuperaci\u00f3n del \u00e1rea invadida, la cual presuntamente fue adquirida aproximadamente en el a\u00f1o 2012 por particulares.<\/p>\n\n\n\n<p>\u00abPero s\u00ed es un problema que nos est\u00e1 afectando hoy en d\u00eda\u00bb, reconoci\u00f3 el custodio, especialmente cuando \u00abya hay un asentamiento humano en el \u00e1rea\u00bb. Aunque no detall\u00f3 sobre otras \u00e1reas invadidas, dijo que este problema es uno de los principales en la tambi\u00e9n \u00e1rea protegida, pero que est\u00e1n m\u00e1s controlados.<\/p>\n\n\n\n<p>\u00abB\u00e1sicamente se tiene un poco de control sobre la caza y tala, porque s\u00ed se ven\u00eda luchando con esta situaci\u00f3n y se ha trabajado con la Comisi\u00f3n Nacional de \u00c1reas Protegidas, y que junto con el INAH tienen bajo resguardo un \u00e1rea de pr\u00e1cticamente 1,200 hect\u00e1reas\u00bb, explic\u00f3 sobre un \u00e1rea que en el a\u00f1o 2024 tambi\u00e9n se enfrent\u00f3 a los riesgos por incendios.&nbsp;<\/p>\n\n\n\n<p>Esto \u00faltimo por los siniestros registrados en &nbsp;mayo de ese a\u00f1o en jurisdicci\u00f3n de las comunidades de Uni\u00f3n Zapata, Mitla, Villa D\u00edaz Ordaz y San Miguel del Valle, en las proximidades de las Cuevas Prehist\u00f3ricas de Yagul y Mitla, en el \u00e1rea de El Fuerte de Uni\u00f3n Zapata.&nbsp;<\/p>\n\n\n\n<p>En su momento, el INAH descart\u00f3 da\u00f1os a los vestigios prehisp\u00e1nicos y a las pinturas rupestres por tales incendios que amenazaron al pol\u00edgono.<\/p>\n\n\n\n<p>ANUNCIAN FESTEJOS<\/p>\n\n\n\n<p>Este jueves, el Grupo Coadyuvante del INAH en Yagul anunci\u00f3 los festejos por los 15 a\u00f1os de la inscripci\u00f3n de las Cuevas Prehist\u00f3ricas de Yagul y Mitla en la lista de patrimonio mundial de la humanidad de la Organizaci\u00f3n de las Naciones Unidas para la Educaci\u00f3n, la Ciencia y la Cultura (UNESCO).<\/p>\n\n\n\n<p>La celebraci\u00f3n ser\u00e1 a trav\u00e9s de un programa denominado \u00abLaniro\u00bb, que del zapoteco al espa\u00f1ol se entiende como \u00abfiesta grande\u00bb y mediante el cual se fomentan los lazos comunitarios de la regi\u00f3n. Para esto recurrir\u00e1n a la pr\u00e1ctica de apoyo mutuo o \u00abgalguez\u00bb (en zapoteco).<\/p>\n\n\n\n<p>Los festejos ser\u00e1n los d\u00edas 2 y 3 de agosto en la zona arqueol\u00f3gica de Yagul, en donde habr\u00e1 talleres, conciertos, encuentro gastron\u00f3mico y artesanal, conferencias, entre otras actividades, adem\u00e1s de un medio marat\u00f3n, explicaron Lorena Guss, tesorera del Grupo y miembro del colectivo NIIS; Eva Aquino, secretaria del Grupo Coadyuvante de Yagul, y Yulissa Morales, directora de deporte y juventud de Tlacolula.<\/p>\n","protected":false},"excerpt":{"rendered":"<p>Lisbeth Mej\u00eda Reyes\/Zona Roja. Oaxaca, Oax., a 1 de agosto de 2025.- En una de&hellip;<\/p>\n","protected":false},"author":2,"featured_media":83030,"comment_status":"closed","ping_status":"open","sticky":false,"template":"","format":"standard","meta":{"_lmt_disableupdate":"","_lmt_disable":"","_jetpack_memberships_contains_paid_content":false,"footnotes":""},"categories":[109,46],"tags":[2396],"class_list":["post-83024","post","type-post","status-publish","format-standard","has-post-thumbnail","hentry","category-minuto-a-minuto","category-zona-blanca","tag-cuevas-prehistoricas-de-mitla"],"jetpack_featured_media_url":"https:\/\/zonaroja.com.mx\/wp-content\/uploads\/2025\/08\/Cuevas-Yagul-y-Mitla.jpeg.webp","jetpack_sharing_enabled":true,"_links":{"self":[{"href":"https:\/\/zonaroja.com.mx\/index.php?rest_route=\/wp\/v2\/posts\/83024","targetHints":{"allow":["GET"]}}],"collection":[{"href":"https:\/\/zonaroja.com.mx\/index.php?rest_route=\/wp\/v2\/posts"}],"about":[{"href":"https:\/\/zonaroja.com.mx\/index.php?rest_route=\/wp\/v2\/types\/post"}],"author":[{"embeddable":true,"href":"https:\/\/zonaroja.com.mx\/index.php?rest_route=\/wp\/v2\/users\/2"}],"replies":[{"embeddable":true,"href":"https:\/\/zonaroja.com.mx\/index.php?rest_route=%2Fwp%2Fv2%2Fcomments&post=83024"}],"version-history":[{"count":1,"href":"https:\/\/zonaroja.com.mx\/index.php?rest_route=\/wp\/v2\/posts\/83024\/revisions"}],"predecessor-version":[{"id":83031,"href":"https:\/\/zonaroja.com.mx\/index.php?rest_route=\/wp\/v2\/posts\/83024\/revisions\/83031"}],"wp:featuredmedia":[{"embeddable":true,"href":"https:\/\/zonaroja.com.mx\/index.php?rest_route=\/wp\/v2\/media\/83030"}],"wp:attachment":[{"href":"https:\/\/zonaroja.com.mx\/index.php?rest_route=%2Fwp%2Fv2%2Fmedia&parent=83024"}],"wp:term":[{"taxonomy":"category","embeddable":true,"href":"https:\/\/zonaroja.com.mx\/index.php?rest_route=%2Fwp%2Fv2%2Fcategories&post=83024"},{"taxonomy":"post_tag","embeddable":true,"href":"https:\/\/zonaroja.com.mx\/index.php?rest_route=%2Fwp%2Fv2%2Ftags&post=83024"}],"curies":[{"name":"wp","href":"https:\/\/api.w.org\/{rel}","templated":true}]}}