{"id":83044,"date":"2025-08-01T13:24:00","date_gmt":"2025-08-01T19:24:00","guid":{"rendered":"https:\/\/zonaroja.com.mx\/?p=83044"},"modified":"2025-08-01T07:27:33","modified_gmt":"2025-08-01T13:27:33","slug":"trabajan-sectur-y-fonatur-para-mejorar-infraestructura-en-huatulco-y-puerto-escondido","status":"publish","type":"post","link":"https:\/\/zonaroja.com.mx\/?p=83044","title":{"rendered":"Trabajan Sectur y Fonatur para mejorar infraestructura en Huatulco y Puerto Escondido"},"content":{"rendered":"\n<p>Redacci\u00f3n\/Zona Roja.<\/p>\n\n\n\n<p>Oaxaca, Oax., a 1 de agosto de 2025.- El Gobierno del Estado, a trav\u00e9s de la Secretar\u00eda de Turismo (Sectur Oaxaca), encabez\u00f3 una reuni\u00f3n de trabajo con representantes del Fondo Nacional de Fomento al Turismo (Fonatur), para fortalecer la coordinaci\u00f3n institucional en favor de la infraestructura urbana de Santa Mar\u00eda Huatulco y Puerto Escondido.<\/p>\n\n\n\n<p>Con la representaci\u00f3n del mandatario Salom\u00f3n Jara Cruz, la titular de la Sectur Oaxaca, Saymi Pineda Velasco destac\u00f3 que este encuentro \u2014efectuado en la Ciudad de M\u00e9xico\u2014 representa un paso significativo en la ruta hacia la construcci\u00f3n de destinos m\u00e1s sustentables con mejor equipamiento, que eleven la calidad de vida de las y los oaxaque\u00f1os y fortalezcan la competitividad tur\u00edstica de la entidad.<\/p>\n\n\n\n<p>Los presidentes municipales de Santa Mar\u00eda Huatulco y San Pedro Mixtepec, Julio C\u00e9sar C\u00e1rdenas Ortega y Miguel \u00c1ngel Olvera Jim\u00e9nez, respectivamente, expusieron al titular del Fonatur, Sebasti\u00e1n Ram\u00edrez Mendoza las principales necesidades que enfrentan el Centro Integralmente Planeado (CIP) Huatulco y Puerto Escondido.<\/p>\n\n\n\n<p>De esta manera, se pretende encontrar soluciones conjuntas que impulsen el desarrollo y aseguren la viabilidad de estos importantes destinos tur\u00edsticos para Oaxaca.<\/p>\n\n\n\n<p>Con la participaci\u00f3n del director general del CIP Huatulco, Lorenzo Lavariega Arista se abordaron temas como: la situaci\u00f3n actual del centro, el estado de su infraestructura, los asentamientos no regularizados, las necesidades de mantenimiento, la gesti\u00f3n operativa y la b\u00fasqueda de certidumbre jur\u00eddica.<\/p>\n\n\n\n<p>En el caso de Puerto Escondido, se analizaron problem\u00e1ticas relacionadas con el sistema de drenaje, manejo de residuos s\u00f3lidos y el abastecimiento de agua para la poblaci\u00f3n.<\/p>\n\n\n\n<p>Adem\u00e1s, en este encuentro, la Sectur Oaxaca plante\u00f3 la puesta en marcha de estrategias conjuntas para impulsar el turismo comunitario en los pueblos mancomunados en la Sierra de Ju\u00e1rez, con el objetivo de fortalecer el desarrollo de las comunidades que trabajan en la conservaci\u00f3n de sus recursos naturales y culturales.<\/p>\n\n\n\n<figure class=\"wp-block-embed is-type-rich is-provider-twitter wp-block-embed-twitter\"><div class=\"wp-block-embed__wrapper\">\n<div class=\"twitter-tweet\"><blockquote class=\"twitter-tweet\" data-lang=\"es\"><p lang=\"es\" dir=\"ltr\">Fortalecemos nuestros destinos tur\u00edsticos de la Costa Oaxaque\u00f1a <br><br>En coordinaci\u00f3n con <a href=\"https:\/\/twitter.com\/FonaturMX?ref_src=twsrc%5Etfw\">@FonaturMX<\/a> y autoridades municipales, avanzamos en la transformaci\u00f3n de Santa Mar\u00eda Huatulco y Puerto Escondido para impulsar turismo sustentable y mejorar la calidad de vida en Oaxaca. <a href=\"https:\/\/t.co\/Wd9XcvF5iO\">pic.twitter.com\/Wd9XcvF5iO<\/a><\/p>&mdash; Saymi Pineda Velasco (@saymipinedav) <a href=\"https:\/\/twitter.com\/saymipinedav\/status\/1951058772954108246?ref_src=twsrc%5Etfw\">31 de julio de 2025<\/a><\/blockquote><\/div>\n<\/div><\/figure>\n","protected":false},"excerpt":{"rendered":"<p>Redacci\u00f3n\/Zona Roja. Oaxaca, Oax., a 1 de agosto de 2025.- El Gobierno del Estado, a&hellip;<\/p>\n","protected":false},"author":2,"featured_media":83045,"comment_status":"closed","ping_status":"open","sticky":false,"template":"","format":"standard","meta":{"_lmt_disableupdate":"","_lmt_disable":"","_jetpack_memberships_contains_paid_content":false,"footnotes":""},"categories":[109,46],"tags":[2714,1031],"class_list":["post-83044","post","type-post","status-publish","format-standard","has-post-thumbnail","hentry","category-minuto-a-minuto","category-zona-blanca","tag-saymi-pineda-velasco","tag-secretaria-de-turismo-oaxaca"],"jetpack_featured_media_url":"https:\/\/zonaroja.com.mx\/wp-content\/uploads\/2025\/08\/Saymi-Pineda-Sectur-Fonatur-Mexico.jpeg","jetpack_sharing_enabled":true,"_links":{"self":[{"href":"https:\/\/zonaroja.com.mx\/index.php?rest_route=\/wp\/v2\/posts\/83044","targetHints":{"allow":["GET"]}}],"collection":[{"href":"https:\/\/zonaroja.com.mx\/index.php?rest_route=\/wp\/v2\/posts"}],"about":[{"href":"https:\/\/zonaroja.com.mx\/index.php?rest_route=\/wp\/v2\/types\/post"}],"author":[{"embeddable":true,"href":"https:\/\/zonaroja.com.mx\/index.php?rest_route=\/wp\/v2\/users\/2"}],"replies":[{"embeddable":true,"href":"https:\/\/zonaroja.com.mx\/index.php?rest_route=%2Fwp%2Fv2%2Fcomments&post=83044"}],"version-history":[{"count":1,"href":"https:\/\/zonaroja.com.mx\/index.php?rest_route=\/wp\/v2\/posts\/83044\/revisions"}],"predecessor-version":[{"id":83046,"href":"https:\/\/zonaroja.com.mx\/index.php?rest_route=\/wp\/v2\/posts\/83044\/revisions\/83046"}],"wp:featuredmedia":[{"embeddable":true,"href":"https:\/\/zonaroja.com.mx\/index.php?rest_route=\/wp\/v2\/media\/83045"}],"wp:attachment":[{"href":"https:\/\/zonaroja.com.mx\/index.php?rest_route=%2Fwp%2Fv2%2Fmedia&parent=83044"}],"wp:term":[{"taxonomy":"category","embeddable":true,"href":"https:\/\/zonaroja.com.mx\/index.php?rest_route=%2Fwp%2Fv2%2Fcategories&post=83044"},{"taxonomy":"post_tag","embeddable":true,"href":"https:\/\/zonaroja.com.mx\/index.php?rest_route=%2Fwp%2Fv2%2Ftags&post=83044"}],"curies":[{"name":"wp","href":"https:\/\/api.w.org\/{rel}","templated":true}]}}