{"id":83055,"date":"2025-08-01T19:39:30","date_gmt":"2025-08-02T01:39:30","guid":{"rendered":"https:\/\/zonaroja.com.mx\/?p=83055"},"modified":"2025-08-01T19:39:32","modified_gmt":"2025-08-02T01:39:32","slug":"observatorio-ciudadano-cuestiona-desarrollo-urbano-en-cerro-del-creston","status":"publish","type":"post","link":"https:\/\/zonaroja.com.mx\/?p=83055","title":{"rendered":"Observatorio Ciudadano cuestiona desarrollo urbano en cerro del \u201cCrest\u00f3n\u201d"},"content":{"rendered":"\n<p>Lisbeth Mej\u00eda Reyes\/Zona Roja.<\/p>\n\n\n\n<p>Oaxaca, Oax., a 1 de agosto de 2025.- Luego de que el Cabildo de Oaxaca de Ju\u00e1rez aprob\u00f3 el 29 de julio el levantamiento de las suspensiones para apeos, deslindes, construcciones y otros tr\u00e1mites que se manten\u00edan desde el 2021 en la zona de reserva ecol\u00f3gica del cerro del \u201cCrest\u00f3n -Cruz Blanca-Fort\u00edn, el Observatorio Ciudadano Comunitario de Agua y Medio Ambiente de los Valles Centrales de Oaxaca (OCCAMA) cuestion\u00f3 la existencia del programa de manejo para la zona, una de las condiciones para eliminar tal suspensi\u00f3n en un \u00e1rea con \u00abpoderosos intereses\u00bb que por a\u00f1os han buscado eliminar las restricciones ambientales a sus \u00abbeneficios inmobiliarios\u00bb.&nbsp;<\/p>\n\n\n\n<p>En un pronunciamiento p\u00fablico de fecha 1 de agosto, el Observatorio tambi\u00e9n reiter\u00f3 su llamado a que las autoridades de los tres \u00f3rdenes de gobierno se coordinen para atender la Cordillera Norte, pues si bien los conflictos por la zona del \u201cCrest\u00f3n\u201d -Cruz Blanca-Fort\u00edn se centran en mil 200 hect\u00e1reas, es necesaria y urgente una visi\u00f3n integral enfocada en la cordillera.&nbsp;<\/p>\n\n\n\n<p>Esta \u00faltima con una extensi\u00f3n de 60 mil hect\u00e1reas, que incluye a la zona en conflicto y a otras del valle central de Oaxaca, por ejemplo, el Parque Nacional \u201cBenito Ju\u00e1rez\u201d, y sobre la cual el Observatorio Ciudadano se\u00f1al\u00f3 que \u00abes completamente inviable el desarrollo urbano\u00bb.<\/p>\n\n\n\n<p>Las 28 organizaciones de la sociedad civil y de la academia que integran el observatorio tambi\u00e9n acusaron que el acuerdo del Cabildo es sospechoso, pues se tom\u00f3 con \u00abinusitada rapidez\u00bb y a la sombra de las fiestas de Guelaguetza. Adem\u00e1s de que \u00aben poco contribuye a dar certeza jur\u00eddica a poseedores y habitantes de la zona, como se esgrimi\u00f3 para justificar la medida\u00bb y da pie a muchas interrogantes.<\/p>\n\n\n\n<p>Entre estas, el que si existe o no el programa de manejo para la zona que, de acuerdo con el nuevo decreto del 2 de septiembre de 2024 abarca 1,239.522 hect\u00e1reas.&nbsp;<\/p>\n\n\n\n<p>En la sesi\u00f3n ordinaria, y sin aclarar si ya est\u00e1 el programa, la concejal Surisadai S\u00e1nchez Hern\u00e1ndez, de Obras P\u00fablicas y Desarrollo, argument\u00f3 que eliminar los acuerdos CDUOPTT\/CEMA\/01\/2010, 001\/CU\/2021 (noviembre de 2021) y PM\/PA\/65\/2022 (del 2 de junio de 2022) es por la necesidad de regularizar 44 calles, colonias y parajes.&nbsp;<\/p>\n\n\n\n<p>La concejal de Hacienda, Matilde V\u00e1squez, agreg\u00f3 que es para garantizar los servicios b\u00e1sicos en colonias de la zona. Judith Carre\u00f1o Hern\u00e1ndez, regidora de las Mujeres, argument\u00f3 que ya existe tal programa, pero no especific\u00f3 si es de acceso p\u00fablico o d\u00f3nde est\u00e1 publicado, pues junto a la delimitaci\u00f3n del pol\u00edgono es uno de los dos requisitos para levantar las restricciones.<\/p>\n\n\n\n<p>NI PROGRAMA NI CONSULTA<\/p>\n\n\n\n<p>El programa de manejo de la zona de reserva ecol\u00f3gica y \u00e1rea natural protegida es uno de los requisitos marcados en el nuevo decreto estatal del 2 de septiembre de 2024, sobre la rectificaci\u00f3n y digitalizaci\u00f3n de la zona de reserva ecol\u00f3gica que se hab\u00eda decretado inicialmente el 14 de noviembre de 1992, en el sexenio de Heladio Ram\u00edrez.&nbsp;<\/p>\n\n\n\n<p>Sin embargo, no ha sido publicado por la Secretar\u00eda de Medio Ambiente, Biodiversidad, Energ\u00eda y Sostenibilidad, que est\u00e1 obligada a esto de acuerdo con los transitorios del nuevo decreto. Tambi\u00e9n, est\u00e1 obligada a realizar una consulta p\u00fablica previa a la publicaci\u00f3n de tal programa, aunque tampoco la ha efectuado.<\/p>\n\n\n\n<p>Hasta ahora, en la p\u00e1gina web de la secretar\u00eda a cargo de Karime Unda Harp solamente est\u00e1n los boletines de las reuniones y talleres que para el programa comenzaron en octubre del a\u00f1o pasado y de las que inform\u00f3 hasta noviembre de ese a\u00f1o.<\/p>\n\n\n\n<p>VARIOS INTENTOS<\/p>\n\n\n\n<p>Los intentos del Cabildo de Oaxaca de Ju\u00e1rez para eliminar los acuerdos por los que estaban restringidos los tr\u00e1mites en la zona hasta que no se contara con la delimitaci\u00f3n y el programa de manejo datan de varios a\u00f1os. Entre los \u00faltimos est\u00e1n los de septiembre de 2023 y noviembre de 2024 impulsados por el ex regidor de Obras, P\u00e1vel L\u00f3pez.<\/p>\n\n\n\n<p>Durante la pasada administraci\u00f3n municipal, el ex regidor tambi\u00e9n fue se\u00f1alado por vecinos del \u201cCrest\u00f3n\u201d y activistas de tener propiedades o intereses en la zona de reserva.&nbsp;<\/p>\n\n\n\n<p>Pero todo fue negado por el ahora subdirector de la Coordinaci\u00f3n de Enlace Operativo de la Direcci\u00f3n General de Centros de Formaci\u00f3n para el Trabajo (DGCFT) en el estado de Oaxaca.<\/p>\n\n\n\n<p>A los intentos por levantar las suspensiones han estado unidas las protestas de posesionarios o propietarios de terrenos en la entonces indefinida zona de reserva, que han buscado la eliminaci\u00f3n del decreto de 1992 y se niegan a aceptar el de 2024 porque consideran que el programa de manejo restringe sus derechos.&nbsp;<\/p>\n\n\n\n<p>Pero tambi\u00e9n se suman los intereses inmobiliarios en cuya existencia coinciden el Observatorio Ciudadano y la consejer\u00eda jur\u00eddica del gobierno estatal.<\/p>\n","protected":false},"excerpt":{"rendered":"<p>Lisbeth Mej\u00eda Reyes\/Zona Roja. Oaxaca, Oax., a 1 de agosto de 2025.- Luego de que&hellip;<\/p>\n","protected":false},"author":2,"featured_media":83056,"comment_status":"closed","ping_status":"open","sticky":false,"template":"","format":"standard","meta":{"_lmt_disableupdate":"","_lmt_disable":"","_jetpack_memberships_contains_paid_content":false,"footnotes":""},"categories":[109,47],"tags":[2045],"class_list":["post-83055","post","type-post","status-publish","format-standard","has-post-thumbnail","hentry","category-minuto-a-minuto","category-zona-gris","tag-cerro-del-creston-ciudad-de-oaxaca"],"jetpack_featured_media_url":"https:\/\/zonaroja.com.mx\/wp-content\/uploads\/2025\/08\/Cerro-del-creston-Oaxaca.jpg","jetpack_sharing_enabled":true,"_links":{"self":[{"href":"https:\/\/zonaroja.com.mx\/index.php?rest_route=\/wp\/v2\/posts\/83055","targetHints":{"allow":["GET"]}}],"collection":[{"href":"https:\/\/zonaroja.com.mx\/index.php?rest_route=\/wp\/v2\/posts"}],"about":[{"href":"https:\/\/zonaroja.com.mx\/index.php?rest_route=\/wp\/v2\/types\/post"}],"author":[{"embeddable":true,"href":"https:\/\/zonaroja.com.mx\/index.php?rest_route=\/wp\/v2\/users\/2"}],"replies":[{"embeddable":true,"href":"https:\/\/zonaroja.com.mx\/index.php?rest_route=%2Fwp%2Fv2%2Fcomments&post=83055"}],"version-history":[{"count":1,"href":"https:\/\/zonaroja.com.mx\/index.php?rest_route=\/wp\/v2\/posts\/83055\/revisions"}],"predecessor-version":[{"id":83057,"href":"https:\/\/zonaroja.com.mx\/index.php?rest_route=\/wp\/v2\/posts\/83055\/revisions\/83057"}],"wp:featuredmedia":[{"embeddable":true,"href":"https:\/\/zonaroja.com.mx\/index.php?rest_route=\/wp\/v2\/media\/83056"}],"wp:attachment":[{"href":"https:\/\/zonaroja.com.mx\/index.php?rest_route=%2Fwp%2Fv2%2Fmedia&parent=83055"}],"wp:term":[{"taxonomy":"category","embeddable":true,"href":"https:\/\/zonaroja.com.mx\/index.php?rest_route=%2Fwp%2Fv2%2Fcategories&post=83055"},{"taxonomy":"post_tag","embeddable":true,"href":"https:\/\/zonaroja.com.mx\/index.php?rest_route=%2Fwp%2Fv2%2Ftags&post=83055"}],"curies":[{"name":"wp","href":"https:\/\/api.w.org\/{rel}","templated":true}]}}