{"id":83058,"date":"2025-08-01T19:47:10","date_gmt":"2025-08-02T01:47:10","guid":{"rendered":"https:\/\/zonaroja.com.mx\/?p=83058"},"modified":"2025-08-01T19:47:12","modified_gmt":"2025-08-02T01:47:12","slug":"congreso-de-el-salvador-afin-a-bukele-aprueba-reeleccion-presidencial-indefinida","status":"publish","type":"post","link":"https:\/\/zonaroja.com.mx\/?p=83058","title":{"rendered":"Congreso de El Salvador, af\u00edn a Bukele, aprueba reelecci\u00f3n presidencial indefinida"},"content":{"rendered":"\n<p>Redacci\u00f3n\/Zona Roja Cdmx.<\/p>\n\n\n\n<p>Ciudad de M\u00e9xico, a 1 de agosto de 2025.- El Congreso de El Salvador, dominado por el oficialismo, aprob\u00f3 este jueves la reelecci\u00f3n presidencial indefinida para permitir la continuidad del mandatario Nayib Bukele, y ampli\u00f3 el periodo de gobierno de cinco a seis a\u00f1os, en una profunda reforma constitucional.<\/p>\n\n\n\n<p>Bukele, de 44 a\u00f1os, gobierna desde 2019 y fue reelegido en 2024 con 85% de los votos, lo que le dio un control casi absoluto sobre todos los poderes e instituciones del Estado, en lo que la oposici\u00f3n tacha de \u201cdictadura\u00bb.<\/p>\n\n\n\n<p>En un tr\u00e1mite expedito, el parlamento compuesto por 57 diputados oficialistas y tres opositores, aval\u00f3 permitir la \u00abreelecci\u00f3n sin reservas\u00bb, ampliar el mandato de gobierno, sincronizar las elecciones presidenciales, legislativas y municipales, y eliminar la segunda vuelta electoral.<\/p>\n\n\n\n<p>\u00abGracias por hacer historia, colegas diputados\u00bb, dijo el presidente de la Asamblea Legislativa -de 60 esca\u00f1os-, Ernesto Castro, del oficialista partido Nuevas Ideas, al contar los 57 votos a favor.<\/p>\n\n\n\n<p>El Congreso tambi\u00e9n acort\u00f3 en dos a\u00f1os el actual mandato presidencial -que conclu\u00eda en 2029- para celebrar elecciones generales en marzo de 2027, en las cuales podr\u00e1 participar Bukele tras quedar habilitada la reelecci\u00f3n indefinida.<\/p>\n\n\n\n<p>\u00abEste d\u00eda ha muerto la democracia en El Salvador. Se quitaron las m\u00e1scaras\u00bb, dijo en el plenario la diputada opositora Marcela Villatoro, quien critic\u00f3 que se aprobara la reforma cuando el pa\u00eds entra en una semana de vacaciones: \u00abSon unos c\u00ednicos\u00bb, subray\u00f3.<\/p>\n\n\n\n<p>Bukele goza de enorme popularidad por su \u00abguerra\u00bb contra las pandillas que redujo, a m\u00ednimos hist\u00f3ricos, la violencia en el pa\u00eds con un r\u00e9gimen de excepci\u00f3n criticado por organismos de derechos humanos porque permite detenciones masivas sin orden judicial.<\/p>\n\n\n\n<p>\u00abEsto es bastante simple, pueblo salvadore\u00f1o. Solamente ustedes van a poder decidir hasta cu\u00e1ndo apoyan a su presidente\u00bb, dijo la diputada oficialista Ana Figueroa, quien present\u00f3 la reforma que podr\u00eda ser ratificada por los mismos diputados en una nueva sesi\u00f3n convocada para esta noche.<\/p>\n\n\n\n<p>\u00abDICTADURA\u00bb<\/p>\n\n\n\n<p>La reforma constitucional fue presentada por los oficialistas en medio de denuncias de represi\u00f3n contra defensores de derechos humanos y cr\u00edticos del gobierno de Bukele, lo que ha forzado al exilio a decenas de periodistas y activistas humanitarios.<\/p>\n\n\n\n<p>\u00abLas reformas llevan a un desequilibrio total en la democracia que ya no existe, coment\u00f3 a la AFP el coordinador de la oeneg\u00e9 Comisi\u00f3n de Derechos Humanos, Miguel Montenegro.<\/p>\n\n\n\n<p>Para Juanita Goebertus, directora de Human Rights Watch (HRW), con la reelecci\u00f3n presidencial indefinida El Salvador recorre \u00abel mismo camino que Venezuela\u00bb. \u00abEmpieza con un l\u00edder que usa su popularidad para concentrar poder, y termina en dictadura\u00bb, escribi\u00f3 en la red social X.<\/p>\n\n\n\n<p>\u00abEsto es un abuso de poder y es una caricaturizaci\u00f3n de la democracia\u00bb, afirm\u00f3 la diputada opositora Claudia Ortiz.<\/p>\n\n\n\n<p>La oficialista Suecy Callejas afirm\u00f3 que \u00aben ning\u00fan momento\u00bb se busca \u00abque se quede un solo presidente y nunca m\u00e1s hayan elecciones\u00bb en El Salvador. \u00abEso no es cierto\u00bb, dijo.<\/p>\n\n\n\n<p>DE EXCEPCI\u00d3N<\/p>\n\n\n\n<p>En su discurso por el primer a\u00f1o de su segundo mandato, Bukele asegur\u00f3 que le tiene \u00absin cuidado\u00bb que lo llamen \u00abdictador\u00bb, ante la ola de cr\u00edticas en su contra por las detenciones de activistas humanitarios.<\/p>\n\n\n\n<p>En mayo pasado, las autoridades detuvieron a la destacada abogada Ruth L\u00f3pez, quien como activista de la oeneg\u00e9 Cristosal denunci\u00f3 supuestos casos de corrupci\u00f3n del gobierno de Bukele.<\/p>\n\n\n\n<p>Las oeneg\u00e9s de derechos humanos aseguran que Bukele basa su popularidad en una pol\u00edtica de seguridad que mantiene al pa\u00eds desde hace tres a\u00f1os bajo un criticado r\u00e9gimen de excepci\u00f3n que limita libertades y permite arrestos sin orden judicial.<\/p>\n\n\n\n<p>Bajo el estado de excepci\u00f3n, unas 87,000 personas acusadas de pandilleros o c\u00f3mplices han sido arrestadas. Seg\u00fan oeneg\u00e9s como Cristosal y Socorro Jur\u00eddico, miles han sido detenidos arbitrariamente y unos 430 han muerto en prisi\u00f3n.<\/p>\n\n\n\n<p>Se\u00f1alado por sus cr\u00edticos de aut\u00f3crata, la reelecci\u00f3n de Bukele en 2024 fue cuestionada porque, pese a estar prohibida constitucionalmente, fue permitida por un fallo de jueces afines.<\/p>\n\n\n\n<p>En abril de 2024, el mismo Congreso aprob\u00f3 una reforma para que estos cambios constitucionales no necesiten una ratificaci\u00f3n en otra legislatura parlamentaria.<\/p>\n\n\n\n<p>(Informaci\u00f3n de la agencia AFP en \u201cEl Economista\u201d)<\/p>\n","protected":false},"excerpt":{"rendered":"<p>Redacci\u00f3n\/Zona Roja Cdmx. Ciudad de M\u00e9xico, a 1 de agosto de 2025.- El Congreso de&hellip;<\/p>\n","protected":false},"author":2,"featured_media":83060,"comment_status":"closed","ping_status":"open","sticky":false,"template":"","format":"standard","meta":{"_lmt_disableupdate":"","_lmt_disable":"","_jetpack_memberships_contains_paid_content":false,"footnotes":""},"categories":[109,47],"tags":[4381],"class_list":["post-83058","post","type-post","status-publish","format-standard","has-post-thumbnail","hentry","category-minuto-a-minuto","category-zona-gris","tag-nayib-bukele"],"jetpack_featured_media_url":"https:\/\/zonaroja.com.mx\/wp-content\/uploads\/2025\/08\/Nayib-Bukele.jpg","jetpack_sharing_enabled":true,"_links":{"self":[{"href":"https:\/\/zonaroja.com.mx\/index.php?rest_route=\/wp\/v2\/posts\/83058","targetHints":{"allow":["GET"]}}],"collection":[{"href":"https:\/\/zonaroja.com.mx\/index.php?rest_route=\/wp\/v2\/posts"}],"about":[{"href":"https:\/\/zonaroja.com.mx\/index.php?rest_route=\/wp\/v2\/types\/post"}],"author":[{"embeddable":true,"href":"https:\/\/zonaroja.com.mx\/index.php?rest_route=\/wp\/v2\/users\/2"}],"replies":[{"embeddable":true,"href":"https:\/\/zonaroja.com.mx\/index.php?rest_route=%2Fwp%2Fv2%2Fcomments&post=83058"}],"version-history":[{"count":1,"href":"https:\/\/zonaroja.com.mx\/index.php?rest_route=\/wp\/v2\/posts\/83058\/revisions"}],"predecessor-version":[{"id":83061,"href":"https:\/\/zonaroja.com.mx\/index.php?rest_route=\/wp\/v2\/posts\/83058\/revisions\/83061"}],"wp:featuredmedia":[{"embeddable":true,"href":"https:\/\/zonaroja.com.mx\/index.php?rest_route=\/wp\/v2\/media\/83060"}],"wp:attachment":[{"href":"https:\/\/zonaroja.com.mx\/index.php?rest_route=%2Fwp%2Fv2%2Fmedia&parent=83058"}],"wp:term":[{"taxonomy":"category","embeddable":true,"href":"https:\/\/zonaroja.com.mx\/index.php?rest_route=%2Fwp%2Fv2%2Fcategories&post=83058"},{"taxonomy":"post_tag","embeddable":true,"href":"https:\/\/zonaroja.com.mx\/index.php?rest_route=%2Fwp%2Fv2%2Ftags&post=83058"}],"curies":[{"name":"wp","href":"https:\/\/api.w.org\/{rel}","templated":true}]}}