{"id":83062,"date":"2025-08-01T21:53:05","date_gmt":"2025-08-02T03:53:05","guid":{"rendered":"https:\/\/zonaroja.com.mx\/?p=83062"},"modified":"2025-08-01T21:53:34","modified_gmt":"2025-08-02T03:53:34","slug":"linchan-a-presunto-delincuente-en-san-pablo-etla","status":"publish","type":"post","link":"https:\/\/zonaroja.com.mx\/?p=83062","title":{"rendered":"Linchan a presunto delincuente en San Pablo, Etla"},"content":{"rendered":"\n<p>Raymundo Morales\/Zona Roja.<\/p>\n\n\n\n<p>Oaxaca, Oax., a 1 de agosto de 2025.- Quince d\u00edas despu\u00e9s de un intento de linchamiento contra dos personas, pobladores de San Pablo, Etla, mataron a golpes este viernes a un presunto delincuente.<\/p>\n\n\n\n<p>Ocurri\u00f3 la tarde de hoy en la calle Morelos del fraccionamiento Morelos de dicha demarcaci\u00f3n, conurbada a la capital de Oaxaca por la zona poniente.<\/p>\n\n\n\n<p>El sujeto supuestamente ingres\u00f3 a robar a un domicilio y tras la llamada de auxilio de las v\u00edctimas, arribaron varios pobladores que con palos lincharon al individuo, hasta ahora no identificado.<\/p>\n\n\n\n<p>Elementos de corporaciones policiacas arribaron a la zona pero los pobladores ya se hab\u00edan retirado; posteriormente peritos y elementos de investigaci\u00f3n de la Fiscal\u00eda General del Estado de Oaxaca iniciaron las primeras indagatorias.<\/p>\n\n\n\n<p>Cabe recordar que fue el pasado 15 de julio en que los habitantes de San Pablo, Etla, tambi\u00e9n sorprendieron a dos presuntos ladrones y los atraparon; al individuo y a la mujer los golpearon pero a esta \u00faltima la pasearon desnuda por las calles, hasta que ambos fueron rescatados por cuerpos policiacos.<\/p>\n\n\n\n<figure class=\"wp-block-embed is-type-rich is-provider-twitter wp-block-embed-twitter\"><div class=\"wp-block-embed__wrapper\">\n<div class=\"twitter-tweet\"><blockquote class=\"twitter-tweet\" data-lang=\"es\"><p lang=\"es\" dir=\"ltr\"><a href=\"https:\/\/twitter.com\/hashtag\/%C3%9AltimoMinuto?src=hash&amp;ref_src=twsrc%5Etfw\">#\u00daltimoMinuto<\/a><br>Un presunto delincuente fue linchado por pobladores la tarde de este viernes en San Pablo, Etla, municipio de la regi\u00f3n Valles Centrales de Oaxaca. <br><br>En la misma zona, recientemente intentaron linchar a dos personas; a la mujer pasearon desnuda por las calles. <a href=\"https:\/\/t.co\/DnoSsb0YB8\">pic.twitter.com\/DnoSsb0YB8<\/a><\/p>&mdash; Zona Roja Oaxaca (@ZonaRoja_Oaxaca) <a href=\"https:\/\/twitter.com\/ZonaRoja_Oaxaca\/status\/1951424749478830237?ref_src=twsrc%5Etfw\">1 de agosto de 2025<\/a><\/blockquote><\/div>\n<\/div><\/figure>\n","protected":false},"excerpt":{"rendered":"<p>Raymundo Morales\/Zona Roja. Oaxaca, Oax., a 1 de agosto de 2025.- Quince d\u00edas despu\u00e9s de&hellip;<\/p>\n","protected":false},"author":2,"featured_media":83063,"comment_status":"closed","ping_status":"open","sticky":false,"template":"","format":"standard","meta":{"_lmt_disableupdate":"","_lmt_disable":"","_jetpack_memberships_contains_paid_content":false,"footnotes":""},"categories":[109,51],"tags":[824],"class_list":["post-83062","post","type-post","status-publish","format-standard","has-post-thumbnail","hentry","category-minuto-a-minuto","category-zona-roja","tag-san-pablo-etla"],"jetpack_featured_media_url":"https:\/\/zonaroja.com.mx\/wp-content\/uploads\/2025\/08\/Linchamiento-San-Pablo-Etla-Oaxaca.jpeg","jetpack_sharing_enabled":true,"_links":{"self":[{"href":"https:\/\/zonaroja.com.mx\/index.php?rest_route=\/wp\/v2\/posts\/83062","targetHints":{"allow":["GET"]}}],"collection":[{"href":"https:\/\/zonaroja.com.mx\/index.php?rest_route=\/wp\/v2\/posts"}],"about":[{"href":"https:\/\/zonaroja.com.mx\/index.php?rest_route=\/wp\/v2\/types\/post"}],"author":[{"embeddable":true,"href":"https:\/\/zonaroja.com.mx\/index.php?rest_route=\/wp\/v2\/users\/2"}],"replies":[{"embeddable":true,"href":"https:\/\/zonaroja.com.mx\/index.php?rest_route=%2Fwp%2Fv2%2Fcomments&post=83062"}],"version-history":[{"count":2,"href":"https:\/\/zonaroja.com.mx\/index.php?rest_route=\/wp\/v2\/posts\/83062\/revisions"}],"predecessor-version":[{"id":83065,"href":"https:\/\/zonaroja.com.mx\/index.php?rest_route=\/wp\/v2\/posts\/83062\/revisions\/83065"}],"wp:featuredmedia":[{"embeddable":true,"href":"https:\/\/zonaroja.com.mx\/index.php?rest_route=\/wp\/v2\/media\/83063"}],"wp:attachment":[{"href":"https:\/\/zonaroja.com.mx\/index.php?rest_route=%2Fwp%2Fv2%2Fmedia&parent=83062"}],"wp:term":[{"taxonomy":"category","embeddable":true,"href":"https:\/\/zonaroja.com.mx\/index.php?rest_route=%2Fwp%2Fv2%2Fcategories&post=83062"},{"taxonomy":"post_tag","embeddable":true,"href":"https:\/\/zonaroja.com.mx\/index.php?rest_route=%2Fwp%2Fv2%2Ftags&post=83062"}],"curies":[{"name":"wp","href":"https:\/\/api.w.org\/{rel}","templated":true}]}}