{"id":83068,"date":"2025-08-02T08:45:00","date_gmt":"2025-08-02T14:45:00","guid":{"rendered":"https:\/\/zonaroja.com.mx\/?p=83068"},"modified":"2025-08-02T06:24:43","modified_gmt":"2025-08-02T12:24:43","slug":"detenido-en-oaxaca-capital-seria-lider-criminal-en-la-costa-fiscalia","status":"publish","type":"post","link":"https:\/\/zonaroja.com.mx\/?p=83068","title":{"rendered":"Detenido en Oaxaca capital ser\u00eda l\u00edder criminal en la Costa: Fiscal\u00eda"},"content":{"rendered":"\n<p>Raymundo Morales\/Zona Roja.&nbsp;<\/p>\n\n\n\n<p>Oaxaca, Oax., a 2 de agosto de 2025.- Sigfrido B. A., alias \u201cEl Toro\u201d o \u201cEl Colombiano\u201d, detenido en la ciudad de Oaxaca, es un presunto l\u00edder criminal y es uno de los principales operadores del grupo delictivo que encabeza \u201cEl Bogar\u201d en la regi\u00f3n Costa.<\/p>\n\n\n\n<p>As\u00ed lo estableci\u00f3 la Fiscal\u00eda General del Estado de Oaxaca, que detall\u00f3 que el sujeto es originario de Apatzing\u00e1n, Michoac\u00e1n, y fue aprehendido el pasado jueves en la colonia Morelos de la capital, por intento de homicidio.<\/p>\n\n\n\n<p>En un comunicado, la instituci\u00f3n inform\u00f3 que tiene a disposici\u00f3n del Ministerio P\u00fablico de la Fiscal\u00eda Especializada para la Atenci\u00f3n a Delitos de Alto Impacto a dicho individuo, quien es considerado como uno de los principales operadores de un grupo criminal.<\/p>\n\n\n\n<p>Adem\u00e1s que, diversas investigaciones ministeriales revelan que es un operador clave dentro de la estructura criminal de un grupo delictivo que opera en la regi\u00f3n de la Costa, principalmente en Santa Mar\u00eda Huatulco, San Pedro Pochutla, Puerto Escondido y R\u00edo Grande.<\/p>\n\n\n\n<p>&nbsp;Sigrido.B. A., es considerado como un objetivo prioritario para el combate a la delincuencia pues se presume que es un generador de violencia, en tanto que se estableci\u00f3 que ten\u00eda orden de aprehensi\u00f3n pendiente por ejecutar en su contra por el delito de homicidio, adem\u00e1s que hay indicios de su probable involucramiento en delitos como desaparici\u00f3n de personas, narcomenudeo, extorsi\u00f3n y lesiones.<\/p>\n\n\n\n<p>El trabajo ministerial segu\u00eda el rastro de S.B.A., alias \u201cEl Toro\u201d o \u201cEl Colombiano\u201d, quien aparentemente se refugiaba entre los estados de Michoac\u00e1n y el Estado de M\u00e9xico para evadir la acci\u00f3n de la justicia.<\/p>\n\n\n\n<p>Tambi\u00e9n se estableci\u00f3 que, el detenido estar\u00eda directamente relacionado con actividades il\u00edcitas realizadas por la c\u00e9lula criminal encabezada por alias \u201cEl Bogar\u201d, con influencia principal en la regi\u00f3n de la Costa, dedicada a actividades delictivas tales como desaparici\u00f3n cometida por particulares, homicidio, lesiones, trasiego de droga y narcomenudeo.<\/p>\n\n\n\n<p>La captura del alias \u201cEl Toro\u201d o \u201cEl Colombiano\u201d, ocurri\u00f3 el 29 de julio de 2025, en la colonia Morelos de la ciudad de Oaxaca de Ju\u00e1rez, luego de participar en la agresi\u00f3n con disparos de arma de fuego en contra de otra persona.<\/p>\n\n\n\n<p>La v\u00edctima result\u00f3 con lesiones por lo que fue trasladado a un hospital para su atenci\u00f3n, mientras que el Mando de Seguridad Metropolitana, integrado por la FGEO y la Agencia Estatal de Investigaciones (AEI), en colaboraci\u00f3n con la Secretar\u00eda de la Defensa Nacional (Defensa), Guardia Nacional, Polic\u00eda Municipal y Polic\u00eda Estatal, detuvieron a Sigfrido B.A., adem\u00e1s de asegurar el arma con la que realizaron la agresi\u00f3n.<\/p>\n\n\n\n<p>La Fiscal\u00eda de Oaxaca se encarga de realizar los trabajos ministeriales correspondientes para dar seguimiento a los casos con el objetivo de brindar pleno acceso a la justicia para las v\u00edctimas.<\/p>\n","protected":false},"excerpt":{"rendered":"<p>Raymundo Morales\/Zona Roja.&nbsp; Oaxaca, Oax., a 2 de agosto de 2025.- Sigfrido B. A., alias&hellip;<\/p>\n","protected":false},"author":2,"featured_media":83069,"comment_status":"closed","ping_status":"open","sticky":false,"template":"","format":"standard","meta":{"_lmt_disableupdate":"","_lmt_disable":"","_jetpack_memberships_contains_paid_content":false,"footnotes":""},"categories":[109,46],"tags":[494],"class_list":["post-83068","post","type-post","status-publish","format-standard","has-post-thumbnail","hentry","category-minuto-a-minuto","category-zona-blanca","tag-fiscalia-general-del-estado-de-oaxaca"],"jetpack_featured_media_url":"https:\/\/zonaroja.com.mx\/wp-content\/uploads\/2025\/08\/Sigfrido-B.-A.-El-Toro-o-El-Michoacano.jpeg","jetpack_sharing_enabled":true,"_links":{"self":[{"href":"https:\/\/zonaroja.com.mx\/index.php?rest_route=\/wp\/v2\/posts\/83068","targetHints":{"allow":["GET"]}}],"collection":[{"href":"https:\/\/zonaroja.com.mx\/index.php?rest_route=\/wp\/v2\/posts"}],"about":[{"href":"https:\/\/zonaroja.com.mx\/index.php?rest_route=\/wp\/v2\/types\/post"}],"author":[{"embeddable":true,"href":"https:\/\/zonaroja.com.mx\/index.php?rest_route=\/wp\/v2\/users\/2"}],"replies":[{"embeddable":true,"href":"https:\/\/zonaroja.com.mx\/index.php?rest_route=%2Fwp%2Fv2%2Fcomments&post=83068"}],"version-history":[{"count":1,"href":"https:\/\/zonaroja.com.mx\/index.php?rest_route=\/wp\/v2\/posts\/83068\/revisions"}],"predecessor-version":[{"id":83070,"href":"https:\/\/zonaroja.com.mx\/index.php?rest_route=\/wp\/v2\/posts\/83068\/revisions\/83070"}],"wp:featuredmedia":[{"embeddable":true,"href":"https:\/\/zonaroja.com.mx\/index.php?rest_route=\/wp\/v2\/media\/83069"}],"wp:attachment":[{"href":"https:\/\/zonaroja.com.mx\/index.php?rest_route=%2Fwp%2Fv2%2Fmedia&parent=83068"}],"wp:term":[{"taxonomy":"category","embeddable":true,"href":"https:\/\/zonaroja.com.mx\/index.php?rest_route=%2Fwp%2Fv2%2Fcategories&post=83068"},{"taxonomy":"post_tag","embeddable":true,"href":"https:\/\/zonaroja.com.mx\/index.php?rest_route=%2Fwp%2Fv2%2Ftags&post=83068"}],"curies":[{"name":"wp","href":"https:\/\/api.w.org\/{rel}","templated":true}]}}