{"id":83071,"date":"2025-08-02T09:45:00","date_gmt":"2025-08-02T15:45:00","guid":{"rendered":"https:\/\/zonaroja.com.mx\/?p=83071"},"modified":"2025-08-02T06:47:38","modified_gmt":"2025-08-02T12:47:38","slug":"inician-en-oaxaca-rehabilitacion-de-mas-de-mil-km-de-carreteras","status":"publish","type":"post","link":"https:\/\/zonaroja.com.mx\/?p=83071","title":{"rendered":"Inician en Oaxaca rehabilitaci\u00f3n de m\u00e1s de mil km de carreteras"},"content":{"rendered":"\n<p>Redacci\u00f3n\/Zona Roja.<\/p>\n\n\n\n<p>Oaxaca, Oax., a 2 de agosto de 2025.- El gobierno de Oaxaca y el gobierno de la Rep\u00fablica iniciaron este viernes la rehabilitaci\u00f3n de m\u00e1s de mil kil\u00f3metros de carreteras, con una inversi\u00f3n superior a los cinco mil 900 millones de pesos.<\/p>\n\n\n\n<p>El banderazo de arranque del denominado Plan General \u201cL\u00e1zaro C\u00e1rdenas del R\u00edo\u201d se dio ayer desde Huajuapan de Le\u00f3n, por parte del mandatario Salom\u00f3n Jara Cruz y el secretario de Infraestructuras, Comunicaciones y Transportes (SICT).<\/p>\n\n\n\n<p>Con ello se salda una de las deudas hist\u00f3ricas m\u00e1s grandes con esta regi\u00f3n de Oaxaca y M\u00e9xico y representa el reconocimiento de que el desarrollo no puede avanzar dejando atr\u00e1s a quienes han sosteniendo este pa\u00eds con su trabajo desde las regiones m\u00e1s alejadas, expuso el gobernador.<\/p>\n\n\n\n<p>Actualmente, ya se trabaja en cinco tramos, en los cuales este 2025 se aplica una inversi\u00f3n de mil 367 millones de pesos, con meta de 425 kil\u00f3metros (km). De estos, sobre las carreteras federales 190 y 125, se atienden: <\/p>\n\n\n\n<p>Nochixtl\u00e1n-Huajuapan de Le\u00f3n, que comprende 88 km con un presupuesto de 347 millones; Tehuac\u00e1n-L\u00edmites de Puebla con Oaxaca-Chazumba-Huajuapan de Le\u00f3n con 53.6 km y 214.4 millones; 160.3 km en Huajuapan-Tlacotepec-Juxtlahuaca-El Carrizal-Putla de Guerrero, con 425 millones.<\/p>\n\n\n\n<p>Adem\u00e1s, con 374 millones de pesos se atiende Putla de Guerrero-Pinotepa Nacional que comprende 123 km y 145 km de Yucudaa-Putla con 6.7 millones. Algunos tramos ya fueron concluidos.<\/p>\n\n\n\n<p>En representaci\u00f3n de la Presidenta Claudia Sheinbaum Pardo, Esteva Medina destac\u00f3 que los trabajos a esta red carretera se realizan en la superficie y, en algunos sitios, se reconstruye la v\u00eda; en ambos casos, con los mejores est\u00e1ndares de calidad, para su \u00f3ptima conservaci\u00f3n a mediano y largo plazo.<\/p>\n\n\n\n<p>\u201cEscuchar al pueblo es lo que define a estos gobiernos, es parte de por qu\u00e9 estamos aqu\u00ed en territorio, el trayecto lo hacemos por carretera para verificar las condiciones y que los trabajos que se realizan sean los comprometidos; esa es la manera de gobernar cerca de las y los habitantes\u201d, coment\u00f3.<\/p>\n\n\n\n<p>Aunado a estas obras del Plan, el Gobierno de M\u00e9xico lleva a cabo permanentemente diversos trabajos en las carreteras de las ocho regiones, ejemplo de ello son los 46 mil hoyos tapados a trav\u00e9s del Programa Bachet\u00f3n; expuso, el director general de Conservaci\u00f3n de Carreteras de la SICT, David Calder\u00f3n Hallal.<\/p>\n\n\n\n<p>Con el programa Conservaci\u00f3n Rutinaria 2025, el estado fue dividido en 19 frentes para que tengan m\u00e1s alcance, se construyeron dos puentes nuevos y se rehabilit\u00f3 uno.<\/p>\n\n\n\n<p>EN JUXTLAHUACA<\/p>\n\n\n\n<p>La gira de trabajo continu\u00f3 en el municipio de Santiago Juxtlahuaca, donde el titear del Poder Ejecutivo estatal y el responsable de la SICT dieron el banderazo de inicio al mantenimiento de carretera Huajuapan-Putla de Guerrero.<\/p>\n\n\n\n<p>La obra de 160.3 kil\u00f3metros, que forma parte del Plan General \u201cL\u00e1zaro C\u00e1rdenas del R\u00edo\u201d en la regi\u00f3n Mixteca, impulsado por la Presidenta Claudia Sheinbaum, tendr\u00e1 una inversi\u00f3n de 425 mdp<\/p>\n\n\n\n<p>&nbsp;En este municipio mixteco, pobladores y autoridades fueron testigos del arranque de esta obra de 160.3 kil\u00f3metros, que realiz\u00f3 el Gobernador Salom\u00f3n Jara Cruz y el secretario de Infraestructura, Comunicaciones y Transportes (SICT), Jes\u00fas Antonio Esteva Medina; y que corresponde a uno de los cinco tramos carreteros que contempla el Plan General L\u00e1zaro C\u00e1rdenas del R\u00edo, implementado por la Presidenta Claudia Sheinbaum Pardo.<\/p>\n\n\n\n<p>En Santiago Juxtlahuaca, en este a\u00f1o se intervienen 238 kil\u00f3metros y en 2026 se atender\u00e1n otros 77 kil\u00f3metros, lo que acercar\u00e1 a las comunidades ind\u00edgenas de la regi\u00f3n y facilitar\u00e1 el acceso a servicios b\u00e1sicos.<\/p>\n\n\n\n<p>El director general de Carreteras de la SICT, David Omar Calder\u00f3n Hallal destac\u00f3 que este a\u00f1o la SICT invierte m\u00e1s de 2 mil 33 millones de pesos para la conservaci\u00f3n de carreteras en el estado, en beneficio de una poblaci\u00f3n de 4.1 millones de personas, con lo que se generan 4 mil 650 empleos. Destaca la reconstrucci\u00f3n del puente Juxtlahuaca con una longitud de 15.8 metros, en el cual se aplican 22.7 millones de pesos.<\/p>\n\n\n\n<figure class=\"wp-block-embed is-type-rich is-provider-twitter wp-block-embed-twitter\"><div class=\"wp-block-embed__wrapper\">\n<div class=\"twitter-tweet\"><blockquote class=\"twitter-tweet\" data-lang=\"es\"><p lang=\"es\" dir=\"ltr\">En la regi\u00f3n Mixteca de Oaxaca, el titular de la <a href=\"https:\/\/twitter.com\/SICTmx?ref_src=twsrc%5Etfw\">@SICTmx<\/a>, Jes\u00fas Antonio Esteva Medina, y el gobernador <a href=\"https:\/\/twitter.com\/salomonj?ref_src=twsrc%5Etfw\">@salomonj<\/a>, dieron el banderazo de inicio del Plan General L\u00e1zaro C\u00e1rdenas del R\u00edo, para la rehabilitaci\u00f3n de carreteras. <br><br>\u201cGracias al compromiso de nuestra Presidenta Claudia\u2026 <a href=\"https:\/\/t.co\/CwZo6vHD0A\">pic.twitter.com\/CwZo6vHD0A<\/a><\/p>&mdash; Zona Roja Oaxaca (@ZonaRoja_Oaxaca) <a href=\"https:\/\/twitter.com\/ZonaRoja_Oaxaca\/status\/1951471917996679229?ref_src=twsrc%5Etfw\">2 de agosto de 2025<\/a><\/blockquote><\/div>\n<\/div><\/figure>\n","protected":false},"excerpt":{"rendered":"<p>Redacci\u00f3n\/Zona Roja. Oaxaca, Oax., a 2 de agosto de 2025.- El gobierno de Oaxaca y&hellip;<\/p>\n","protected":false},"author":2,"featured_media":83073,"comment_status":"closed","ping_status":"open","sticky":false,"template":"","format":"standard","meta":{"_lmt_disableupdate":"","_lmt_disable":"","_jetpack_memberships_contains_paid_content":false,"footnotes":""},"categories":[109,46],"tags":[939],"class_list":["post-83071","post","type-post","status-publish","format-standard","has-post-thumbnail","hentry","category-minuto-a-minuto","category-zona-blanca","tag-salomon-jara-cruz"],"jetpack_featured_media_url":"https:\/\/zonaroja.com.mx\/wp-content\/uploads\/2025\/08\/Da-banderazo-de-inicio-Gobernador-de-Oaxaca-y-SICT-a-mantenimiento-de-carretera-Huajuapan-Putla-6.jpeg","jetpack_sharing_enabled":true,"_links":{"self":[{"href":"https:\/\/zonaroja.com.mx\/index.php?rest_route=\/wp\/v2\/posts\/83071","targetHints":{"allow":["GET"]}}],"collection":[{"href":"https:\/\/zonaroja.com.mx\/index.php?rest_route=\/wp\/v2\/posts"}],"about":[{"href":"https:\/\/zonaroja.com.mx\/index.php?rest_route=\/wp\/v2\/types\/post"}],"author":[{"embeddable":true,"href":"https:\/\/zonaroja.com.mx\/index.php?rest_route=\/wp\/v2\/users\/2"}],"replies":[{"embeddable":true,"href":"https:\/\/zonaroja.com.mx\/index.php?rest_route=%2Fwp%2Fv2%2Fcomments&post=83071"}],"version-history":[{"count":1,"href":"https:\/\/zonaroja.com.mx\/index.php?rest_route=\/wp\/v2\/posts\/83071\/revisions"}],"predecessor-version":[{"id":83074,"href":"https:\/\/zonaroja.com.mx\/index.php?rest_route=\/wp\/v2\/posts\/83071\/revisions\/83074"}],"wp:featuredmedia":[{"embeddable":true,"href":"https:\/\/zonaroja.com.mx\/index.php?rest_route=\/wp\/v2\/media\/83073"}],"wp:attachment":[{"href":"https:\/\/zonaroja.com.mx\/index.php?rest_route=%2Fwp%2Fv2%2Fmedia&parent=83071"}],"wp:term":[{"taxonomy":"category","embeddable":true,"href":"https:\/\/zonaroja.com.mx\/index.php?rest_route=%2Fwp%2Fv2%2Fcategories&post=83071"},{"taxonomy":"post_tag","embeddable":true,"href":"https:\/\/zonaroja.com.mx\/index.php?rest_route=%2Fwp%2Fv2%2Ftags&post=83071"}],"curies":[{"name":"wp","href":"https:\/\/api.w.org\/{rel}","templated":true}]}}