{"id":83077,"date":"2025-08-02T11:45:00","date_gmt":"2025-08-02T17:45:00","guid":{"rendered":"https:\/\/zonaroja.com.mx\/?p=83077"},"modified":"2025-08-02T15:03:57","modified_gmt":"2025-08-02T21:03:57","slug":"escandalo-de-adan-augusto-y-su-exsecretario-de-seguridad-llega-a-portada-del-nyt","status":"publish","type":"post","link":"https:\/\/zonaroja.com.mx\/?p=83077","title":{"rendered":"Esc\u00e1ndalo de Ad\u00e1n Augusto y su exsecretario de Seguridad llega a portada del NYT"},"content":{"rendered":"\n<p>Redacci\u00f3n\/Zona Roja Cdmx.<\/p>\n\n\n\n<p>Ciudad de M\u00e9xico, a 2 de agosto de 2025.- El caso que involucra al senador morenista Ad\u00e1n Augusto L\u00f3pez y a su exsecretario de Seguridad, Hern\u00e1n Berm\u00fadez, acusado de ser l\u00edder del grupo criminal La Barredora, alcanz\u00f3 este viernes la portada del prestigioso diario estadounidense The New York Times.<\/p>\n\n\n\n<p>El rotativo destac\u00f3 la presi\u00f3n que el gobierno de la presidenta Claudia Sheinbaum ha enfrentado por parte del presidente Donald Trump, quien ha se\u00f1alado que M\u00e9xico se encuentra bajo el control de los c\u00e1rteles del narcotr\u00e1fico. Seg\u00fan The New York Times, estas acusaciones colocan al pa\u00eds en una posici\u00f3n \u00abcomplicada\u00bb ante las fuertes insinuaciones de corrupci\u00f3n e impunidad dentro de la administraci\u00f3n actual.<\/p>\n\n\n\n<p>El art\u00edculo resalta que \u00abtodo comenz\u00f3 cuando el se\u00f1or Trump insisti\u00f3 a la se\u00f1ora Sheinbaum permitir que el Ej\u00e9rcito combatiera a los grupos delictivos en M\u00e9xico desde adentro, propuesta que la presidenta rechaz\u00f3 de manera contundente\u00bb. En respuesta, Trump asegur\u00f3 que Sheinbaum \u00abten\u00eda miedo\u00bb de los c\u00e1rteles, lo que origin\u00f3 una serie de confrontaciones p\u00fablicas entre ambos, aunque la presidenta ha asegurado que M\u00e9xico mantiene una buena relaci\u00f3n con su principal socio comercial.<\/p>\n\n\n\n<p>En medio de esta tensi\u00f3n internacional, una investigaci\u00f3n period\u00edstica revel\u00f3 presuntos nexos delictivos de Hern\u00e1n Berm\u00fadez con organizaciones criminales. Dado que Berm\u00fadez fue la mano derecha de Ad\u00e1n Augusto en materia de seguridad, el senador comenz\u00f3 a verse involucrado en el esc\u00e1ndalo.<\/p>\n\n\n\n<p>El pasado 23 de julio, Ad\u00e1n Augusto reapareci\u00f3 en el pleno de la Comisi\u00f3n Permanente del Congreso de la Uni\u00f3n, donde present\u00f3 un discurso intentando deslindarse de las acusaciones relacionadas con Berm\u00fadez.<\/p>\n\n\n\n<p>Hasta el momento, la mayor\u00eda de la bancada de Morena ha expresado su respaldo al senador, manifestando que mantendr\u00e1 su cargo pese a las denuncias y la presi\u00f3n medi\u00e1tica.<\/p>\n\n\n\n<p>(Informaci\u00f3n de BI Noticias)<\/p>\n","protected":false},"excerpt":{"rendered":"<p>Redacci\u00f3n\/Zona Roja Cdmx. Ciudad de M\u00e9xico, a 2 de agosto de 2025.- El caso que&hellip;<\/p>\n","protected":false},"author":2,"featured_media":83078,"comment_status":"closed","ping_status":"open","sticky":false,"template":"","format":"standard","meta":{"_lmt_disableupdate":"","_lmt_disable":"","_jetpack_memberships_contains_paid_content":false,"footnotes":""},"categories":[109,47],"tags":[3288],"class_list":["post-83077","post","type-post","status-publish","format-standard","has-post-thumbnail","hentry","category-minuto-a-minuto","category-zona-gris","tag-adan-augusto-lopez"],"jetpack_featured_media_url":"https:\/\/zonaroja.com.mx\/wp-content\/uploads\/2025\/08\/Adan-Augusto-Lopez-en-New-York-Times.jpg","jetpack_sharing_enabled":true,"_links":{"self":[{"href":"https:\/\/zonaroja.com.mx\/index.php?rest_route=\/wp\/v2\/posts\/83077","targetHints":{"allow":["GET"]}}],"collection":[{"href":"https:\/\/zonaroja.com.mx\/index.php?rest_route=\/wp\/v2\/posts"}],"about":[{"href":"https:\/\/zonaroja.com.mx\/index.php?rest_route=\/wp\/v2\/types\/post"}],"author":[{"embeddable":true,"href":"https:\/\/zonaroja.com.mx\/index.php?rest_route=\/wp\/v2\/users\/2"}],"replies":[{"embeddable":true,"href":"https:\/\/zonaroja.com.mx\/index.php?rest_route=%2Fwp%2Fv2%2Fcomments&post=83077"}],"version-history":[{"count":2,"href":"https:\/\/zonaroja.com.mx\/index.php?rest_route=\/wp\/v2\/posts\/83077\/revisions"}],"predecessor-version":[{"id":83101,"href":"https:\/\/zonaroja.com.mx\/index.php?rest_route=\/wp\/v2\/posts\/83077\/revisions\/83101"}],"wp:featuredmedia":[{"embeddable":true,"href":"https:\/\/zonaroja.com.mx\/index.php?rest_route=\/wp\/v2\/media\/83078"}],"wp:attachment":[{"href":"https:\/\/zonaroja.com.mx\/index.php?rest_route=%2Fwp%2Fv2%2Fmedia&parent=83077"}],"wp:term":[{"taxonomy":"category","embeddable":true,"href":"https:\/\/zonaroja.com.mx\/index.php?rest_route=%2Fwp%2Fv2%2Fcategories&post=83077"},{"taxonomy":"post_tag","embeddable":true,"href":"https:\/\/zonaroja.com.mx\/index.php?rest_route=%2Fwp%2Fv2%2Ftags&post=83077"}],"curies":[{"name":"wp","href":"https:\/\/api.w.org\/{rel}","templated":true}]}}