{"id":83093,"date":"2025-08-02T17:33:00","date_gmt":"2025-08-02T23:33:00","guid":{"rendered":"https:\/\/zonaroja.com.mx\/?p=83093"},"modified":"2025-08-02T07:37:24","modified_gmt":"2025-08-02T13:37:24","slug":"israel-vallarta-casi-20-anos-presos-y-ningun-usted-disculpe","status":"publish","type":"post","link":"https:\/\/zonaroja.com.mx\/?p=83093","title":{"rendered":"Israel Vallarta: casi 20 a\u00f1os presos y ning\u00fan \u201custed disculpe\u201d"},"content":{"rendered":"\n<p>Redacci\u00f3n\/Zona Roja Cdmx.<\/p>\n\n\n\n<p>Ciudad de M\u00e9xico, a 2 de agosto de 2025.- Israel Vallarta Cisneros abandon\u00f3 la ma\u00f1ana de ayer el penal de m\u00e1xima seguridad del Altiplano, luego de permanecer casi 20 a\u00f1os encarcelado sin recibir sentencia, acusado de secuestro, delincuencia organizada y posesi\u00f3n de arma de fuego de uso exclusivo del Ej\u00e9rcito.<\/p>\n\n\n\n<p>Vestido con pants gris oxford y cargando dos bolsas de pl\u00e1stico, con documentos y ropa, en punto de las 9:52 cruz\u00f3 la garita de seguridad del penal federal y se fundi\u00f3 en un abrazo con su hijo Israel y su esposa Mar\u00eda S\u00e1enz; posteriormente, lo hizo con su abogado Arturo L\u00f3pez, quien desde hace m\u00e1s de cinco a\u00f1os asumi\u00f3 su defensa.<\/p>\n\n\n\n<p>Minutos despu\u00e9s advirti\u00f3 ante los reporteros que habr\u00e1 consecuencias para todos y cada uno de los que participaron en el montaje televisivo de su arresto (el 9 de diciembre de 2005) que orquest\u00f3 Genaro Garc\u00eda Luna, secretario de Seguridad en el sexenio de Felipe Calder\u00f3n, y actualmente preso en Estados Unidos por presuntos v\u00ednculos con grupos del narcotr\u00e1fico.<\/p>\n\n\n\n<p>\u201cAl pueblo de M\u00e9xico le doy las gracias porque no creyeron todas las mentiras y verdades ocultas (sic) que hicieron los gobiernos pasados\u2026 yo sab\u00eda que la verdad se iba a imponer tarde o temprano\u201d, dijo.<\/p>\n\n\n\n<p>Vallarta Cisneros, quien era se\u00f1alado de pertenecer a la banda de plagiarios \u201cLos Zodiaco\u201d, revel\u00f3 que la noche del pasado jueves, alrededor de las 21 horas, fue notificado de la sentencia absolutoria que le dict\u00f3 la jueza tercera de distrito en materia penal federal, con sede en Toluca, Mariana Vieyra Valdez, quien consider\u00f3 que no hab\u00eda elementos para probar su responsabilidad.<\/p>\n\n\n\n<p>Al preguntarle si demandar\u00e1 al Estado mexicano por mantenerlo casi dos d\u00e9cadas en prisi\u00f3n sin sentencia alguna, respondi\u00f3 que valorar\u00e1 la posibilidad, pero recalc\u00f3 que ahora lo m\u00e1s importante para \u00e9l es disfrutar a su familia, pues mientras estuvo encarcelado perdi\u00f3 a su padre, a su madre y hermanos.<\/p>\n\n\n\n<p>\u201cDe qu\u00e9 sirve que me den miles o millones de pesos de reparaci\u00f3n del da\u00f1o, si con eso no recupero a tanta gente que perd\u00ed\u201d, recalc\u00f3.<\/p>\n\n\n\n<p>No obstante, su esposa Mar\u00eda S\u00e1enz dijo que s\u00ed esperan, al menos, que la presidenta de la Rep\u00fablica, Claudia Sheinbaum, le ofrezca una disculpa p\u00fablica a nombre del Estado mexicano, pues recalc\u00f3 que es \u201ca todas luces injusto e inhumano\u201d mantener a un hombre encarcelado tanto tiempo sin recibir sentencia.<\/p>\n\n\n\n<p>Israel Vallarta prometi\u00f3 a los medios de comunicaci\u00f3n organizar una conferencia de prensa para responder todas las preguntas que se le formulen y hablar de todo y todos. \u201cTengo mucho que decir, pero ya habr\u00e1 tiempo, ahora lo que quiero es estar con mi familia\u201d.<\/p>\n\n\n\n<p>Reconoci\u00f3 que dentro del penal del Altiplano coincidi\u00f3 con Luis C\u00e1rdenas Palomino (acusado de tortura), mano derecha de Genaro Garc\u00eda Luna y quien lo golpe\u00f3 frente a las c\u00e1maras cuando se transmiti\u00f3 su presunta detenci\u00f3n.<\/p>\n\n\n\n<p>\u201cYo nunca le reclam\u00e9 ni lo ofend\u00ed ni lo golpe\u00e9. Mi justicia no era hacerle da\u00f1o a \u00e9l o a su familia. Yo s\u00f3lo quiero que se haga una justicia correcta, en la que \u00e9l viva tras las rejas y padezca las limitaciones dentro de la c\u00e1rcel de no poder estar al lado de sus seres queridos.\u201d<\/p>\n\n\n\n<p>Afirm\u00f3 que C\u00e1rdenas Palomino fue trasladado del Altiplano a otra c\u00e1rcel el mi\u00e9rcoles pasado y record\u00f3 que este mando policiaco le ofreci\u00f3 un acuerdo econ\u00f3mico para no revelar la tortura que se le infligi\u00f3 durante su captura, lo cual rechaz\u00f3.<\/p>\n\n\n\n<p>A\u00f1adi\u00f3 que tampoco acept\u00f3 el acuerdo de amnist\u00eda que le ofrecieron las autoridades en 2019 e insisti\u00f3 en que siempre tuvo la confianza de que alg\u00fan d\u00eda se le har\u00eda justicia, pues no cometi\u00f3 delito alguno.<\/p>\n\n\n\n<p>(Informaci\u00f3n de \u201cLa Jornada\u201d)<\/p>\n","protected":false},"excerpt":{"rendered":"<p>Redacci\u00f3n\/Zona Roja Cdmx. Ciudad de M\u00e9xico, a 2 de agosto de 2025.- Israel Vallarta Cisneros&hellip;<\/p>\n","protected":false},"author":2,"featured_media":83095,"comment_status":"closed","ping_status":"open","sticky":false,"template":"","format":"standard","meta":{"_lmt_disableupdate":"","_lmt_disable":"","_jetpack_memberships_contains_paid_content":false,"footnotes":""},"categories":[109,47],"tags":[4383],"class_list":["post-83093","post","type-post","status-publish","format-standard","has-post-thumbnail","hentry","category-minuto-a-minuto","category-zona-gris","tag-israel-vallarta-cisneros"],"jetpack_featured_media_url":"https:\/\/zonaroja.com.mx\/wp-content\/uploads\/2025\/08\/Israel-Vallarta-Cisneros-1068x733-1.jpg","jetpack_sharing_enabled":true,"_links":{"self":[{"href":"https:\/\/zonaroja.com.mx\/index.php?rest_route=\/wp\/v2\/posts\/83093","targetHints":{"allow":["GET"]}}],"collection":[{"href":"https:\/\/zonaroja.com.mx\/index.php?rest_route=\/wp\/v2\/posts"}],"about":[{"href":"https:\/\/zonaroja.com.mx\/index.php?rest_route=\/wp\/v2\/types\/post"}],"author":[{"embeddable":true,"href":"https:\/\/zonaroja.com.mx\/index.php?rest_route=\/wp\/v2\/users\/2"}],"replies":[{"embeddable":true,"href":"https:\/\/zonaroja.com.mx\/index.php?rest_route=%2Fwp%2Fv2%2Fcomments&post=83093"}],"version-history":[{"count":1,"href":"https:\/\/zonaroja.com.mx\/index.php?rest_route=\/wp\/v2\/posts\/83093\/revisions"}],"predecessor-version":[{"id":83096,"href":"https:\/\/zonaroja.com.mx\/index.php?rest_route=\/wp\/v2\/posts\/83093\/revisions\/83096"}],"wp:featuredmedia":[{"embeddable":true,"href":"https:\/\/zonaroja.com.mx\/index.php?rest_route=\/wp\/v2\/media\/83095"}],"wp:attachment":[{"href":"https:\/\/zonaroja.com.mx\/index.php?rest_route=%2Fwp%2Fv2%2Fmedia&parent=83093"}],"wp:term":[{"taxonomy":"category","embeddable":true,"href":"https:\/\/zonaroja.com.mx\/index.php?rest_route=%2Fwp%2Fv2%2Fcategories&post=83093"},{"taxonomy":"post_tag","embeddable":true,"href":"https:\/\/zonaroja.com.mx\/index.php?rest_route=%2Fwp%2Fv2%2Ftags&post=83093"}],"curies":[{"name":"wp","href":"https:\/\/api.w.org\/{rel}","templated":true}]}}