{"id":83103,"date":"2025-08-03T08:45:00","date_gmt":"2025-08-03T14:45:00","guid":{"rendered":"https:\/\/zonaroja.com.mx\/?p=83103"},"modified":"2025-08-03T06:33:22","modified_gmt":"2025-08-03T12:33:22","slug":"preocupa-al-colegio-de-urbanistas-de-oaxaca-el-cambio-de-uso-de-suelo-en-el-creston","status":"publish","type":"post","link":"https:\/\/zonaroja.com.mx\/?p=83103","title":{"rendered":"Preocupa al Colegio de Urbanistas de Oaxaca el cambio de uso de suelo en el \u201cCrest\u00f3n\u201d\u00a0"},"content":{"rendered":"\n<p>Lisbeth Mej\u00eda Reyes\/Zona Roja.<\/p>\n\n\n\n<p>Oaxaca, Oax., a 3 de agosto de 2025.- Al igual que el Observatorio Ciudadano Comunitario del Agua y Medio Ambiente de los Valles Centrales de Oaxaca, el Colegio de Urbanistas del Estado de Oaxaca expres\u00f3 tambi\u00e9n su preocupaci\u00f3n por el cerro del \u201cCrest\u00f3n\u201d, luego de que el Cabildo de Oaxaca de Ju\u00e1rez revoc\u00f3 el veto a los apeos, deslindes, cambio de uso de suelo, construcciones y dem\u00e1s tr\u00e1mites en la zona de reserva ecol\u00f3gica y \u00e1rea natural protegida Cerro del Crest\u00f3n-Cruz Blanca-Fort\u00edn.<\/p>\n\n\n\n<p>En un comunicado, el colegio se\u00f1al\u00f3 que el cambio de uso de suelo en una reserva ecol\u00f3gica no es una acci\u00f3n menor ni autom\u00e1tica. Adem\u00e1s, que \u00abla protecci\u00f3n de \u00e1reas naturales como el cerro del \u2018Crest\u00f3n\u2019 no debe estar sujeta a decisiones unilaterales o de car\u00e1cter pol\u00edtico-administrativo, sino que debe sujetarse en un enfoque t\u00e9cnico, transparente y basado en el inter\u00e9s p\u00fablico y la sostenibilidad ambiental\u00bb.<\/p>\n\n\n\n<p>Antes esto exigi\u00f3 a la autoridad de Oaxaca de Ju\u00e1rez a hacer p\u00fablico el dictamen con el que el Cabildo revoc\u00f3 el 29 de julio los acuerdos que desde el 2021 manten\u00edan suspendidos los tr\u00e1mites relativos al Crest\u00f3n.&nbsp;<\/p>\n\n\n\n<p>Tambi\u00e9n demand\u00f3 publicar los estudios t\u00e9cnicos que respaldan la decisi\u00f3n y abrir un di\u00e1logo con especialistas, ciudadan\u00eda y organizaciones ambientalistas para evaluar los alcances e implicaciones de este cambio.<\/p>\n\n\n\n<p>En su pronunciamiento, el colegio destac\u00f3 la importancia ambiental que para la ciudad de Oaxaca y la regi\u00f3n de los valles centrales representa la zona de reserva ecol\u00f3gica y \u00e1rea natural protegida, de la que es parte el Crest\u00f3n.&nbsp;<\/p>\n\n\n\n<p>Esta zona fue decretada en noviembre de 1992 y cuya rectificaci\u00f3n y digitalizaci\u00f3n se public\u00f3 el 2 de septiembre de 2024 en el Peri\u00f3dico Oficial del Estado de Oaxaca.<\/p>\n\n\n\n<p>La asociaci\u00f3n civil enfatiz\u00f3 que modificar el r\u00e9gimen de este cerro sin estudios actualizados, sin una evaluaci\u00f3n de impacto ambiental y sin un proceso de consulta abierto y participativo \u00abatenta contra el desarrollo sustentable y los principios fundamentales del ordenamiento territorial\u00bb.<\/p>\n\n\n\n<p>Al apelar al derecho y responsabilidad de la ciudadan\u00eda a estar informada, espec\u00edficamente en materia de desarrollo urbano, el Colegio de Urbanistas aclar\u00f3 que \u00abno se trata de frenar el crecimiento sino de garantizar que este se d\u00e9 con responsabilidad y visi\u00f3n de futuro\u00bb.<\/p>\n\n\n\n<p>Antes del colegio, el 1 de agosto las 28 organizaciones del Observatorio Ciudadano Comunitario de Agua y Medio Ambiente de los Valles Centrales de Oaxaca (OCCAMA) calificaron de sospechosa e inusitada rapidez la decisi\u00f3n del cabildo de derogar el acuerdo que desde 2021 manten\u00eda suspendidos los cambios de uso de suelo en la zona de reserva del Crest\u00f3n.<\/p>\n\n\n\n<p>Al cuestionar si ya se cuenta o no con el programa de manejo para la zona, el Observatorio Ciudadano alert\u00f3 sobre los \u00abpoderosos intereses que pugnan, como lo han hecho desde hace a\u00f1os, por eliminar restricciones ambientales a sus beneficios inmobiliarios\u00bb.<\/p>\n\n\n\n<p>Tambi\u00e9n llam\u00f3 a las autoridades a que a la par del respeto a los derechos de posesi\u00f3n y propiedad se garantice el derecho colectivo a un medio ambiente sano. El observatorio apunt\u00f3 que tanto sociedad como gobierno tienen como tarea urgente y prioritaria el cuidado de la Cordillera Norte, que abarca 60 mil hect\u00e1reas e incluye a la zona de reserva del Crest\u00f3n (de alrededor de 1,200 hect\u00e1reas) y de la que aclar\u00f3 que es inviable el desarrollo urbano.<\/p>\n","protected":false},"excerpt":{"rendered":"<p>Lisbeth Mej\u00eda Reyes\/Zona Roja. Oaxaca, Oax., a 3 de agosto de 2025.- Al igual que&hellip;<\/p>\n","protected":false},"author":2,"featured_media":83094,"comment_status":"closed","ping_status":"open","sticky":false,"template":"","format":"standard","meta":{"_lmt_disableupdate":"","_lmt_disable":"","_jetpack_memberships_contains_paid_content":false,"footnotes":""},"categories":[109,47],"tags":[2045],"class_list":["post-83103","post","type-post","status-publish","format-standard","has-post-thumbnail","hentry","category-minuto-a-minuto","category-zona-gris","tag-cerro-del-creston-ciudad-de-oaxaca"],"jetpack_featured_media_url":"https:\/\/zonaroja.com.mx\/wp-content\/uploads\/2025\/08\/Parque-reserva-cerrlo-del-Cresrton-ciudad-de-Oaxaca.jpg","jetpack_sharing_enabled":true,"_links":{"self":[{"href":"https:\/\/zonaroja.com.mx\/index.php?rest_route=\/wp\/v2\/posts\/83103","targetHints":{"allow":["GET"]}}],"collection":[{"href":"https:\/\/zonaroja.com.mx\/index.php?rest_route=\/wp\/v2\/posts"}],"about":[{"href":"https:\/\/zonaroja.com.mx\/index.php?rest_route=\/wp\/v2\/types\/post"}],"author":[{"embeddable":true,"href":"https:\/\/zonaroja.com.mx\/index.php?rest_route=\/wp\/v2\/users\/2"}],"replies":[{"embeddable":true,"href":"https:\/\/zonaroja.com.mx\/index.php?rest_route=%2Fwp%2Fv2%2Fcomments&post=83103"}],"version-history":[{"count":1,"href":"https:\/\/zonaroja.com.mx\/index.php?rest_route=\/wp\/v2\/posts\/83103\/revisions"}],"predecessor-version":[{"id":83104,"href":"https:\/\/zonaroja.com.mx\/index.php?rest_route=\/wp\/v2\/posts\/83103\/revisions\/83104"}],"wp:featuredmedia":[{"embeddable":true,"href":"https:\/\/zonaroja.com.mx\/index.php?rest_route=\/wp\/v2\/media\/83094"}],"wp:attachment":[{"href":"https:\/\/zonaroja.com.mx\/index.php?rest_route=%2Fwp%2Fv2%2Fmedia&parent=83103"}],"wp:term":[{"taxonomy":"category","embeddable":true,"href":"https:\/\/zonaroja.com.mx\/index.php?rest_route=%2Fwp%2Fv2%2Fcategories&post=83103"},{"taxonomy":"post_tag","embeddable":true,"href":"https:\/\/zonaroja.com.mx\/index.php?rest_route=%2Fwp%2Fv2%2Ftags&post=83103"}],"curies":[{"name":"wp","href":"https:\/\/api.w.org\/{rel}","templated":true}]}}