{"id":83105,"date":"2025-08-03T09:45:00","date_gmt":"2025-08-03T15:45:00","guid":{"rendered":"https:\/\/zonaroja.com.mx\/?p=83105"},"modified":"2025-08-03T07:00:08","modified_gmt":"2025-08-03T13:00:08","slug":"muere-mujer-baleada-en-comunidad-de-los-valles-centrales","status":"publish","type":"post","link":"https:\/\/zonaroja.com.mx\/?p=83105","title":{"rendered":"Muere mujer baleada en comunidad de los Valles Centrales"},"content":{"rendered":"\n<p>Raymundo Morales\/Zona Roja.<\/p>\n\n\n\n<p>Oaxaca, Oax., a 3 de agosto de 2025.- Una persona del sexo femenino perdi\u00f3 la vida ayer en un hospital, tras ser baleada en la localidad de La Lobera, municipio de Santa In\u00e9s del Monte, en la regi\u00f3n Valles Centrales de Oaxaca.<\/p>\n\n\n\n<p>El ataque armado por parte de sujetos desconocidos hacia los habitantes de una vivienda ocurri\u00f3 la noche del pasado viernes, en que un hombre perdi\u00f3 la vida y dos personas m\u00e1s resultaron lesionadas.<\/p>\n\n\n\n<p>Tras ello, corporaciones de auxilio acudieron a la zona, perteneciente al distrito de Zaachila, para brindar atenci\u00f3n m\u00e9dica a la femenina y un masculino, traslad\u00e1ndolos a un hospital; sin embargo, la mujer perdi\u00f3 la vida la madrugada de ayer a causa de la gravedad de las lesiones.<\/p>\n\n\n\n<p>Hasta el momento las dos v\u00edctimas mortales a\u00fan no han sido identificadas de manera oficial y la Fiscal\u00eda General del Estado de Oaxaca realiza las indagatorias correspondientes para esclarecer el hecho y dar con el paradero de los criminales.<\/p>\n","protected":false},"excerpt":{"rendered":"<p>Raymundo Morales\/Zona Roja. Oaxaca, Oax., a 3 de agosto de 2025.- Una persona del sexo&hellip;<\/p>\n","protected":false},"author":2,"featured_media":83106,"comment_status":"closed","ping_status":"open","sticky":false,"template":"","format":"standard","meta":{"_lmt_disableupdate":"","_lmt_disable":"","_jetpack_memberships_contains_paid_content":false,"footnotes":""},"categories":[109,51],"tags":[4384],"class_list":["post-83105","post","type-post","status-publish","format-standard","has-post-thumbnail","hentry","category-minuto-a-minuto","category-zona-roja","tag-la-lobera-santa-ines-del-monte"],"jetpack_featured_media_url":"https:\/\/zonaroja.com.mx\/wp-content\/uploads\/2025\/08\/La-Lobera-Zaachila.jpg","jetpack_sharing_enabled":true,"_links":{"self":[{"href":"https:\/\/zonaroja.com.mx\/index.php?rest_route=\/wp\/v2\/posts\/83105","targetHints":{"allow":["GET"]}}],"collection":[{"href":"https:\/\/zonaroja.com.mx\/index.php?rest_route=\/wp\/v2\/posts"}],"about":[{"href":"https:\/\/zonaroja.com.mx\/index.php?rest_route=\/wp\/v2\/types\/post"}],"author":[{"embeddable":true,"href":"https:\/\/zonaroja.com.mx\/index.php?rest_route=\/wp\/v2\/users\/2"}],"replies":[{"embeddable":true,"href":"https:\/\/zonaroja.com.mx\/index.php?rest_route=%2Fwp%2Fv2%2Fcomments&post=83105"}],"version-history":[{"count":1,"href":"https:\/\/zonaroja.com.mx\/index.php?rest_route=\/wp\/v2\/posts\/83105\/revisions"}],"predecessor-version":[{"id":83107,"href":"https:\/\/zonaroja.com.mx\/index.php?rest_route=\/wp\/v2\/posts\/83105\/revisions\/83107"}],"wp:featuredmedia":[{"embeddable":true,"href":"https:\/\/zonaroja.com.mx\/index.php?rest_route=\/wp\/v2\/media\/83106"}],"wp:attachment":[{"href":"https:\/\/zonaroja.com.mx\/index.php?rest_route=%2Fwp%2Fv2%2Fmedia&parent=83105"}],"wp:term":[{"taxonomy":"category","embeddable":true,"href":"https:\/\/zonaroja.com.mx\/index.php?rest_route=%2Fwp%2Fv2%2Fcategories&post=83105"},{"taxonomy":"post_tag","embeddable":true,"href":"https:\/\/zonaroja.com.mx\/index.php?rest_route=%2Fwp%2Fv2%2Ftags&post=83105"}],"curies":[{"name":"wp","href":"https:\/\/api.w.org\/{rel}","templated":true}]}}