{"id":83108,"date":"2025-08-03T10:45:00","date_gmt":"2025-08-03T16:45:00","guid":{"rendered":"https:\/\/zonaroja.com.mx\/?p=83108"},"modified":"2025-08-03T07:15:18","modified_gmt":"2025-08-03T13:15:18","slug":"logra-fiscalia-de-oaxaca-tres-sentencias-contra-delincuentes","status":"publish","type":"post","link":"https:\/\/zonaroja.com.mx\/?p=83108","title":{"rendered":"Logra Fiscal\u00eda de Oaxaca tres sentencias contra delincuentes"},"content":{"rendered":"\n<p>Redacci\u00f3n\/Zona Roja.<\/p>\n\n\n\n<p>Oaxaca, Oax., a 3 de agosto de 2025.- La Fiscal\u00eda General del Estado de Oaxaca (FGEO) obtuvo una sentencia condenatoria de 55 a\u00f1os de prisi\u00f3n en contra de una persona del sexo masculino identificada como Luciano S.V., o Luis A.S.L., alias \u00abEl Lobito\u00bb, responsable del delito de Secuestro Agravado, ocurrido en la regi\u00f3n de los Valles Centrales.<\/p>\n\n\n\n<p>Conforme a lo asentado en el expediente penal del caso, los hechos ocurrieron el 29 de marzo de 2010, fecha en que la v\u00edctima -un hombre identificado como F.S.S.- fue interceptado en inmediaciones del Barrio de San Lucas en Cuil\u00e1pam de Guerrero por un grupo de personas armadas entre las que se encontraba el hoy sentenciado.<\/p>\n\n\n\n<p>La investigaci\u00f3n detalla que, una vez sometido, lo subieron a otra camioneta para trasladarlo a un domicilio de San Antonio de la Cal, lugar donde lo mantuvieron privado de su libertad hasta el primero de abril de 2010, lapso en que los responsables exigieron dinero a la familia, como rescate para liberar a la v\u00edctima, siendo encontrado maniatado en jurisdicci\u00f3n del municipio de San Agust\u00edn de las Juntas.<\/p>\n\n\n\n<p>Tras estos hechos, la Fiscal\u00eda de Oaxaca tom\u00f3 conocimiento del caso e inici\u00f3 las investigaciones ministeriales correspondientes a trav\u00e9s de la Vicefiscal\u00eda General de Control Regional que despleg\u00f3 un equipo especializado al lugar de los hechos para levantar evidencias, derivado de ello, obtuvieron una orden de aprehensi\u00f3n contra el hoy sentenciado.<\/p>\n\n\n\n<p>Una vez detenido, Luciano S.V., o Luis A.S.L., alias \u00abEl Lobito\u00bb, fue puesto a disposici\u00f3n de la autoridad que lo requiri\u00f3 y al evaluar los datos de prueba aportados por la FGEO, el Juez que conoce la causa dict\u00f3 sentencia condenatoria de 55 a\u00f1os de prisi\u00f3n por el delito de Secuestro Agravado, adem\u00e1s que impuso un pago econ\u00f3mico por concepto de multa y reparaci\u00f3n del da\u00f1o.<\/p>\n\n\n\n<p>39 A\u00d1OS A HOMICIDA<\/p>\n\n\n\n<p>En otro caso, la Fiscal\u00eda General logr\u00f3 una sentencia condenatoria de 39 a\u00f1os de prisi\u00f3n en contra de una persona del sexo masculino identificado como Jos\u00e9 L.B.C., responsable por los delitos de homicidio calificado con ventaja y robo de veh\u00edculo de motor, ocurrido en la regi\u00f3n Mixteca.<\/p>\n\n\n\n<p>Conforme al expediente penal del caso, los hechos ocurrieron el 04 de diciembre de 2022, cuando la v\u00edctima -quien laboraba como chofer de un taxi- fue privado de la vida con disparos de arma de fuego y despojado de su unidad de motor por el imputado y otras personas, luego de haber brindado un servicio de viaje con destino a la poblaci\u00f3n de Guadalupe de Benito Ju\u00e1rez del municipio de Santiago Ayuquililla, perteneciente al distrito de Huajuapan de Le\u00f3n.<\/p>\n\n\n\n<p>Ante este hecho, la Fiscal\u00eda de Oaxaca tom\u00f3 conocimiento del caso e inici\u00f3 las investigaciones correspondientes a trav\u00e9s de la Vicefiscal\u00eda Regional de la Mixteca, logrando obtener una orden de aprehensi\u00f3n que permiti\u00f3 la posterior detenci\u00f3n de Jos\u00e9 L.B.C., quien fue llevado ante el juez que lo requiri\u00f3 para su proceso penal correspondiente.<\/p>\n\n\n\n<p>Tras las audiencias de desahogo de pruebas, el Tribunal de Enjuiciamiento consider\u00f3 suficientes los elementos para dictar sentencia condenatoria de 39 a\u00f1os de prisi\u00f3n en contra de Jos\u00e9 L.B.C., por su responsabilidad en la comisi\u00f3n del delito de homicidio calificado con ventaja y robo de veh\u00edculo de motor.<\/p>\n\n\n\n<p>17 A\u00d1OS A VIOLADOR<\/p>\n\n\n\n<p>Y como parte de la estrategia de combate a los delitos cometidos en contra de ni\u00f1as, ni\u00f1os, adolescentes y mujeres, la Fiscal\u00eda General del Estado obtuvo una sentencia de 17 a\u00f1os de prisi\u00f3n en contra de una persona del sexo masculino identificada como Gregorio M.J. o Ligorio P.J., por su responsabilidad en la comisi\u00f3n del delito de violaci\u00f3n, ocurrido en la regi\u00f3n de la Costa.<\/p>\n\n\n\n<p>El expediente penal del caso detalla que los hechos ocurrieron el 01 de septiembre de 2023, en un paraje de la agencia municipal La Conchuda, perteneciente al municipio de San Agust\u00edn Loxicha, lugar donde la v\u00edctima -una mujer cuya identidad est\u00e1 reservada por ley- fue interceptada por el imputado cuando caminaba con direcci\u00f3n a su domicilio.<\/p>\n\n\n\n<p>La investigaci\u00f3n a\u00f1ade que el imputado la jal\u00f3 con violencia hacia un camino solitario para despu\u00e9s agredirla sexualmente y amenazarla para que no lo denunciara.<\/p>\n\n\n\n<p>Luego que la Fiscal\u00eda de Oaxaca recibi\u00f3 la denuncia, se iniciaron las investigaciones ministeriales con perspectiva de g\u00e9nero a trav\u00e9s de la Vicefiscal\u00eda Regional de la Costa, que logr\u00f3 la detenci\u00f3n del hoy sentenciado, a quien llev\u00f3 ante las autoridades ministeriales correspondientes.<\/p>\n\n\n\n<p>Gracias a los resultados aportados por la FGEO derivado del trabajo multidisciplinario, el Tribunal de Enjuiciamiento tuvo los elementos suficientes para dictar sentencia condenatoria de 17 a\u00f1os de prisi\u00f3n en contra de Gregorio M.J. o Ligorio P.J., por su responsabilidad en el delito de violaci\u00f3n, adem\u00e1s de imponerle el pago de una multa econ\u00f3mica establecida en la ley.&nbsp;<\/p>\n\n\n\n<p>La Fiscal\u00eda General del Estado de Oaxaca tiene entre sus ejes rectores garantizar una vida libre de violencia para ni\u00f1as, ni\u00f1os y adolescentes, a trav\u00e9s de los mecanismos de procuraci\u00f3n de justicia que est\u00e1n a cargo de \u00e1reas especializadas y bien capacitadas para este tipo de labores.<\/p>\n","protected":false},"excerpt":{"rendered":"<p>Redacci\u00f3n\/Zona Roja. Oaxaca, Oax., a 3 de agosto de 2025.- La Fiscal\u00eda General del Estado&hellip;<\/p>\n","protected":false},"author":2,"featured_media":83109,"comment_status":"closed","ping_status":"open","sticky":false,"template":"","format":"standard","meta":{"_lmt_disableupdate":"","_lmt_disable":"","_jetpack_memberships_contains_paid_content":false,"footnotes":""},"categories":[109,46],"tags":[494],"class_list":["post-83108","post","type-post","status-publish","format-standard","has-post-thumbnail","hentry","category-minuto-a-minuto","category-zona-blanca","tag-fiscalia-general-del-estado-de-oaxaca"],"jetpack_featured_media_url":"https:\/\/zonaroja.com.mx\/wp-content\/uploads\/2025\/08\/Sentenciados-logro-Fiscalia-Oaxaca.jpg","jetpack_sharing_enabled":true,"_links":{"self":[{"href":"https:\/\/zonaroja.com.mx\/index.php?rest_route=\/wp\/v2\/posts\/83108","targetHints":{"allow":["GET"]}}],"collection":[{"href":"https:\/\/zonaroja.com.mx\/index.php?rest_route=\/wp\/v2\/posts"}],"about":[{"href":"https:\/\/zonaroja.com.mx\/index.php?rest_route=\/wp\/v2\/types\/post"}],"author":[{"embeddable":true,"href":"https:\/\/zonaroja.com.mx\/index.php?rest_route=\/wp\/v2\/users\/2"}],"replies":[{"embeddable":true,"href":"https:\/\/zonaroja.com.mx\/index.php?rest_route=%2Fwp%2Fv2%2Fcomments&post=83108"}],"version-history":[{"count":1,"href":"https:\/\/zonaroja.com.mx\/index.php?rest_route=\/wp\/v2\/posts\/83108\/revisions"}],"predecessor-version":[{"id":83110,"href":"https:\/\/zonaroja.com.mx\/index.php?rest_route=\/wp\/v2\/posts\/83108\/revisions\/83110"}],"wp:featuredmedia":[{"embeddable":true,"href":"https:\/\/zonaroja.com.mx\/index.php?rest_route=\/wp\/v2\/media\/83109"}],"wp:attachment":[{"href":"https:\/\/zonaroja.com.mx\/index.php?rest_route=%2Fwp%2Fv2%2Fmedia&parent=83108"}],"wp:term":[{"taxonomy":"category","embeddable":true,"href":"https:\/\/zonaroja.com.mx\/index.php?rest_route=%2Fwp%2Fv2%2Fcategories&post=83108"},{"taxonomy":"post_tag","embeddable":true,"href":"https:\/\/zonaroja.com.mx\/index.php?rest_route=%2Fwp%2Fv2%2Ftags&post=83108"}],"curies":[{"name":"wp","href":"https:\/\/api.w.org\/{rel}","templated":true}]}}