{"id":83111,"date":"2025-08-03T11:45:00","date_gmt":"2025-08-03T17:45:00","guid":{"rendered":"https:\/\/zonaroja.com.mx\/?p=83111"},"modified":"2025-08-03T07:23:11","modified_gmt":"2025-08-03T13:23:11","slug":"avanzan-obras-de-rehabilitacion-del-aeropuerto-de-puerto-escondido","status":"publish","type":"post","link":"https:\/\/zonaroja.com.mx\/?p=83111","title":{"rendered":"Avanzan obras de rehabilitaci\u00f3n del aeropuerto de Puerto Escondido"},"content":{"rendered":"\n<p>Redacci\u00f3n\/Zona Roja.<\/p>\n\n\n\n<p>Oaxaca, Oax., a 3 de agosto de 2025.- Avanzan los trabajos de rehabilitaci\u00f3n y ampliaci\u00f3n del aeropuerto de Puerto Escondido, con el fin de detonar el potencial tur\u00edstico de la regi\u00f3n Costa de Oaxaca.<\/p>\n\n\n\n<p>Los trabajos fueron supervisados ayer por el gobernador Salom\u00f3n Jara Cruz y el secretario de Infraestructura, Comunicaciones y Transportes (SICT), Jes\u00fas Antonio Esteva Medina.<\/p>\n\n\n\n<p>Ambos fueron informados sobre la pavimentaci\u00f3n de 150 mil metros cuadrados de la pista.<\/p>\n\n\n\n<p>Adem\u00e1s, conocieron la habilitaci\u00f3n de 11 posiciones en la plataforma de acci\u00f3n general, en las que se trabaja el rodaje para la conexi\u00f3n de aviones, as\u00ed como en la se\u00f1alizaci\u00f3n, la cual ya fue autorizada y se encuentra en espera de su certificaci\u00f3n.<\/p>\n\n\n\n<p>Otra medida implementada en esta terminal a\u00e9rea es un muro de casi tres metros de altura de concreto, que impedir\u00e1 que los aviones da\u00f1en las estructuras de las casas aleda\u00f1as.<\/p>\n\n\n\n<p>Para reforzar esta renovaci\u00f3n, el gobierno de Oaxaca dise\u00f1ar\u00e1 un plan maestro en la regi\u00f3n Costa para zonas de desarrollo ordenado, con infraestructura, que respete el entorno natural; adelant\u00f3 la Secretar\u00eda de Turismo del Estado.<\/p>\n\n\n\n<p>AMPLIAR\u00c1N CARRETERA<\/p>\n\n\n\n<p>Posteriormente el gobernador Jara Cruz y el titular de la SICT dieron el banderazo de inicio de la modernizaci\u00f3n del tramo Pochutla-Huatulco, en la carretera Salina Cruz, Oaxaca-Zihuatanejo, Guerrero, proyecto impulsado en coordinaci\u00f3n con el Gobierno de M\u00e9xico.<\/p>\n\n\n\n<p>Esta obra de 25.6 kil\u00f3metros mejorar\u00e1 la conexi\u00f3n entre comunidades, facilitar\u00e1 el transporte de mercanc\u00edas y har\u00e1 m\u00e1s seguro y r\u00e1pido el tr\u00e1nsito para las personas usuarias; con la ampliaci\u00f3n de siete a 12 metros de ancho del camino, lo que requerir\u00e1 una inversi\u00f3n de mil 309 millones de pesos.<\/p>\n\n\n\n<p>Durante este acto, el mandatario estatal expres\u00f3 que esta obra es un compromiso de la Presidenta Claudia Sheinbaum Pardo con Oaxaca y con la justicia territorial, en su gran visi\u00f3n de tener un pa\u00eds m\u00e1s conectado, m\u00e1s igualitario y justo.<\/p>\n\n\n\n<p>En su oportunidad, el titular de la Secretar\u00eda de las Infraestructuras, Comunicaciones y Transporte (SICT), Jes\u00fas Antonio Esteva Medina, destac\u00f3 que esta obra forma parte de un proyecto que integrar\u00e1 los caminos Barranca Larga- Ventanilla y La Ventosa, lo que potenciar\u00e1 a los pueblos de la zona costera de Oaxaca; adem\u00e1s de que fortalecer\u00e1 la conexi\u00f3n tur\u00edstica y log\u00edstica del Corredor Interoce\u00e1nico del Istmo de Tehuantepec (CIIT).<\/p>\n\n\n\n<p>\u201cLo que distingue a este gobierno es que lo que se dice, se cumple, y lo que se compromete, se vuelve una realidad\u201d, expres\u00f3 al destacar esta obra, que se prev\u00e9 concluir en diciembre de este a\u00f1o, generando 2 mil 610 empleos directos y 8 mil 10 indirectos.&nbsp;<\/p>\n\n\n\n<p>La modernizaci\u00f3n del tramo Pochutla- Huatulco repercutir\u00e1 en la mejora en el nivel de servicios y seguridad vial, agilizar\u00e1 el flujo de personas usuarias y mercanc\u00edas entre la Costa de Oaxaca y todo el pa\u00eds; acortar\u00e1 los tiempos de recorrido entre ambas comunidades, al pasar de 50 a 20 minutos y consolidar\u00e1 a la regi\u00f3n como un destino tur\u00edstico de relevancia nacional e internacional.<\/p>\n","protected":false},"excerpt":{"rendered":"<p>Redacci\u00f3n\/Zona Roja. Oaxaca, Oax., a 3 de agosto de 2025.- Avanzan los trabajos de rehabilitaci\u00f3n&hellip;<\/p>\n","protected":false},"author":2,"featured_media":83112,"comment_status":"closed","ping_status":"open","sticky":false,"template":"","format":"standard","meta":{"_lmt_disableupdate":"","_lmt_disable":"","_jetpack_memberships_contains_paid_content":false,"footnotes":""},"categories":[109,46],"tags":[939],"class_list":["post-83111","post","type-post","status-publish","format-standard","has-post-thumbnail","hentry","category-minuto-a-minuto","category-zona-blanca","tag-salomon-jara-cruz"],"jetpack_featured_media_url":"https:\/\/zonaroja.com.mx\/wp-content\/uploads\/2025\/08\/Ampliacion-aeropuerto-de-Puerto-Escondido.jpeg","jetpack_sharing_enabled":true,"_links":{"self":[{"href":"https:\/\/zonaroja.com.mx\/index.php?rest_route=\/wp\/v2\/posts\/83111","targetHints":{"allow":["GET"]}}],"collection":[{"href":"https:\/\/zonaroja.com.mx\/index.php?rest_route=\/wp\/v2\/posts"}],"about":[{"href":"https:\/\/zonaroja.com.mx\/index.php?rest_route=\/wp\/v2\/types\/post"}],"author":[{"embeddable":true,"href":"https:\/\/zonaroja.com.mx\/index.php?rest_route=\/wp\/v2\/users\/2"}],"replies":[{"embeddable":true,"href":"https:\/\/zonaroja.com.mx\/index.php?rest_route=%2Fwp%2Fv2%2Fcomments&post=83111"}],"version-history":[{"count":1,"href":"https:\/\/zonaroja.com.mx\/index.php?rest_route=\/wp\/v2\/posts\/83111\/revisions"}],"predecessor-version":[{"id":83113,"href":"https:\/\/zonaroja.com.mx\/index.php?rest_route=\/wp\/v2\/posts\/83111\/revisions\/83113"}],"wp:featuredmedia":[{"embeddable":true,"href":"https:\/\/zonaroja.com.mx\/index.php?rest_route=\/wp\/v2\/media\/83112"}],"wp:attachment":[{"href":"https:\/\/zonaroja.com.mx\/index.php?rest_route=%2Fwp%2Fv2%2Fmedia&parent=83111"}],"wp:term":[{"taxonomy":"category","embeddable":true,"href":"https:\/\/zonaroja.com.mx\/index.php?rest_route=%2Fwp%2Fv2%2Fcategories&post=83111"},{"taxonomy":"post_tag","embeddable":true,"href":"https:\/\/zonaroja.com.mx\/index.php?rest_route=%2Fwp%2Fv2%2Ftags&post=83111"}],"curies":[{"name":"wp","href":"https:\/\/api.w.org\/{rel}","templated":true}]}}