{"id":83114,"date":"2025-08-03T12:45:00","date_gmt":"2025-08-03T18:45:00","guid":{"rendered":"https:\/\/zonaroja.com.mx\/?p=83114"},"modified":"2025-08-03T07:26:08","modified_gmt":"2025-08-03T13:26:08","slug":"el-dia-que-andy-lopez-beltran-dijo-no-somos-juniors-abusivos-del-poder","status":"publish","type":"post","link":"https:\/\/zonaroja.com.mx\/?p=83114","title":{"rendered":"El d\u00eda que \u2018Andy\u2019 L\u00f3pez Beltr\u00e1n dijo \u2018no somos juniors abusivos del poder\u2019"},"content":{"rendered":"\n<p>Redacci\u00f3n\/Zona Roja Cdmx.<\/p>\n\n\n\n<p>Ciudad de M\u00e9xico, a 3 de julio de 2025.- El discurso de austeridad ha sido, desde sus inicios, una de las banderas m\u00e1s fuertes de Morena y la Cuarta Transformaci\u00f3n.<\/p>\n\n\n\n<p>Andr\u00e9s Manuel L\u00f3pez Obrador lo repiti\u00f3 hasta el cansancio durante su gobierno, y su familia lo respald\u00f3 en p\u00fablico\u2026 al menos, en su momento.<\/p>\n\n\n\n<p>Sin embargo, las im\u00e1genes m\u00e1s recientes que muestran a su hijo, Andr\u00e9s Manuel L\u00f3pez Beltr\u00e1n, en hoteles y restaurantes de lujo en Tokio, Jap\u00f3n, as\u00ed como a otras figuras de Morena en destinos exclusivos de Europa, han provocado una ola de cr\u00edticas por la incongruencia entre lo que dicen y lo que hacen.<\/p>\n\n\n\n<p>En el documental \u201cEsto soy\u201d, producido por Epigmenio Ibarra en 2017 y publicado en el canal de YouTube del propio L\u00f3pez Obrador, la familia del entonces candidato presidencial abri\u00f3 las puertas de su casa para mostrar su lado m\u00e1s \u00edntimo.<\/p>\n\n\n\n<p>Durante un desayuno familiar, el propio L\u00f3pez Beltr\u00e1n afirmaba:<\/p>\n\n\n\n<p>\u201cNo somos estos juniors abusivos del poder. Nosotros no vamos a ser parte del gobierno, no creemos en el nepotismo. Creemos que es una lacra m\u00e1s de este sistema\u201d, declar\u00f3.<\/p>\n\n\n\n<p>Sus palabras contrastan hoy con su rol como secretario de Organizaci\u00f3n de Morena, as\u00ed como con sus lujosas vacaciones, su cercan\u00eda con figuras se\u00f1aladas por presunto tr\u00e1fico de influencias y su protagonismo pol\u00edtico en la 4T.<\/p>\n\n\n\n<p>VIAJE DE LUJO<\/p>\n\n\n\n<p>Andy L\u00f3pez Beltr\u00e1n fue captado en el exclusivo hotel The Okura en Tokio, donde una noche puede costar m\u00e1s de 50 mil pesos.<\/p>\n\n\n\n<p>Tambi\u00e9n se le vio en el lujoso barrio de Aoyama, acompa\u00f1ado de una persona que portaba bolsas de Prada.<\/p>\n\n\n\n<p>El viaje coincidi\u00f3 con su ausencia en el Consejo Nacional de Morena, lo que increment\u00f3 el malestar dentro del partido.<\/p>\n\n\n\n<p>La presidenta Claudia Sheinbaum, sin mencionarlo directamente, lanz\u00f3 una cr\u00edtica desde Palacio Nacional:<\/p>\n\n\n\n<p>\u201cEl poder se ejerce con humildad (&#8230;) Todos tenemos que comportarnos adecuadamente\u201d.<\/p>\n\n\n\n<p>El mensaje fue interpretado como un \u201crega\u00f1o\u201d a Andy, quien tampoco asisti\u00f3 al arranque de comit\u00e9s de Morena en Coahuila, dejando claro que su prioridad, en ese momento, no estaba en el movimiento pol\u00edtico que dice representar.<\/p>\n\n\n\n<p>OTROS MORENISTAS<\/p>\n\n\n\n<p>Andy no fue el \u00fanico en el ojo p\u00fablico. El diputado Enrique V\u00e1zquez fue captado en \u201cL\u00edo Ibiza\u201d, uno de los antros m\u00e1s caros de Europa; Mario Delgado, secretario de Educaci\u00f3n P\u00fablica, fue fotografiado en un restaurante del lujoso hotel Pousada de Lisboa; y Ricardo Monreal celebr\u00f3 su aniversario en un hotel exclusivo de Madrid.<\/p>\n\n\n\n<p>Incluso Sergio Mayer, diputado morenista, comparti\u00f3 en redes sus quejas por problemas con su tarjeta American Express\u2026 mientras vacacionaba en Europa.<\/p>\n\n\n\n<p>Todos ellos forman parte de un movimiento que presume la austeridad como principio rector, pero que en la pr\u00e1ctica parece haberlo relegado.<\/p>\n\n\n\n<p>FRACTURAS INTERNAS<\/p>\n\n\n\n<p>La presidenta ha intentado mantener la narrativa de congruencia dentro de Morena. Ha se\u00f1alado la necesidad de actuar con humildad y responsabilidad pol\u00edtica, pero se enfrenta a una estructura interna donde algunos actores act\u00faan con una l\u00f3gica de poder personal y privilegio.<\/p>\n\n\n\n<p>Las tensiones con L\u00f3pez Beltr\u00e1n no son nuevas. Columnistas y analistas han documentado c\u00f3mo \u2018Andy\u2019 presume su cercan\u00eda con su padre y act\u00faa como si fuera el verdadero heredero del movimiento, incluso por encima de la figura presidencial de Sheinbaum.<\/p>\n\n\n\n<p>Las cr\u00edticas hacia L\u00f3pez Beltr\u00e1n no se limitan a sus vacaciones. Diversas investigaciones period\u00edsticas lo han vinculado con presuntos actos de corrupci\u00f3n:<\/p>\n\n\n\n<p>Roc\u00edo Chocolate y Sembrando Vida: Se registr\u00f3 la marca de su chocolate premium meses despu\u00e9s del anuncio del programa, favoreciendo el cultivo de cacao en Tabasco.<\/p>\n\n\n\n<p>Am\u00edlcar Ol\u00e1n y Dos Bocas: Su amigo cercano obtuvo contratos millonarios tras adquirir terrenos estrat\u00e9gicos con presunto conocimiento previo de la obra.<\/p>\n\n\n\n<p>Romedic: La empresa de Ol\u00e1n recibi\u00f3 contratos por cientos de millones para proveer medicamentos, pese a observaciones regulatorias de Cofepris.<\/p>\n\n\n\n<p>El contraste entre lo que se dijo en Esto soy y lo que se ha hecho desde la dirigencia de Morena, evidencia una transformaci\u00f3n que no parece tan \u00e9tica ni tan austera como se promet\u00eda.<\/p>\n\n\n\n<p>Aquellas palabras de L\u00f3pez Obrador sobre \u201calejarse de lo material\u201d, pronunciadas frente a su familia, hoy se enfrentan a una realidad en la que su hijo desayuna en hoteles de lujo, viaja a Tokio durante actividades clave del partido, y es se\u00f1alado por beneficiar a sus amigos con contratos p\u00fablicos.<\/p>\n\n\n\n<p>(Informaci\u00f3n de Pol\u00edtico.Mx)<\/p>\n","protected":false},"excerpt":{"rendered":"<p>Redacci\u00f3n\/Zona Roja Cdmx. Ciudad de M\u00e9xico, a 3 de julio de 2025.- El discurso de&hellip;<\/p>\n","protected":false},"author":2,"featured_media":82854,"comment_status":"closed","ping_status":"open","sticky":false,"template":"","format":"standard","meta":{"_lmt_disableupdate":"","_lmt_disable":"","_jetpack_memberships_contains_paid_content":false,"footnotes":""},"categories":[109,47],"tags":[3532],"class_list":["post-83114","post","type-post","status-publish","format-standard","has-post-thumbnail","hentry","category-minuto-a-minuto","category-zona-gris","tag-andres-manuel-lopez-beltran"],"jetpack_featured_media_url":"https:\/\/zonaroja.com.mx\/wp-content\/uploads\/2025\/07\/Andy-Andres-Lopez-Beltran-en-Tokio.jpg","jetpack_sharing_enabled":true,"_links":{"self":[{"href":"https:\/\/zonaroja.com.mx\/index.php?rest_route=\/wp\/v2\/posts\/83114","targetHints":{"allow":["GET"]}}],"collection":[{"href":"https:\/\/zonaroja.com.mx\/index.php?rest_route=\/wp\/v2\/posts"}],"about":[{"href":"https:\/\/zonaroja.com.mx\/index.php?rest_route=\/wp\/v2\/types\/post"}],"author":[{"embeddable":true,"href":"https:\/\/zonaroja.com.mx\/index.php?rest_route=\/wp\/v2\/users\/2"}],"replies":[{"embeddable":true,"href":"https:\/\/zonaroja.com.mx\/index.php?rest_route=%2Fwp%2Fv2%2Fcomments&post=83114"}],"version-history":[{"count":1,"href":"https:\/\/zonaroja.com.mx\/index.php?rest_route=\/wp\/v2\/posts\/83114\/revisions"}],"predecessor-version":[{"id":83115,"href":"https:\/\/zonaroja.com.mx\/index.php?rest_route=\/wp\/v2\/posts\/83114\/revisions\/83115"}],"wp:featuredmedia":[{"embeddable":true,"href":"https:\/\/zonaroja.com.mx\/index.php?rest_route=\/wp\/v2\/media\/82854"}],"wp:attachment":[{"href":"https:\/\/zonaroja.com.mx\/index.php?rest_route=%2Fwp%2Fv2%2Fmedia&parent=83114"}],"wp:term":[{"taxonomy":"category","embeddable":true,"href":"https:\/\/zonaroja.com.mx\/index.php?rest_route=%2Fwp%2Fv2%2Fcategories&post=83114"},{"taxonomy":"post_tag","embeddable":true,"href":"https:\/\/zonaroja.com.mx\/index.php?rest_route=%2Fwp%2Fv2%2Ftags&post=83114"}],"curies":[{"name":"wp","href":"https:\/\/api.w.org\/{rel}","templated":true}]}}