{"id":83116,"date":"2025-08-03T13:30:00","date_gmt":"2025-08-03T19:30:00","guid":{"rendered":"https:\/\/zonaroja.com.mx\/?p=83116"},"modified":"2025-08-03T07:30:33","modified_gmt":"2025-08-03T13:30:33","slug":"cantante-ruben-blades-apoyara-a-escuela-santa-cecilia-surgida-en-tiradero-de-basura","status":"publish","type":"post","link":"https:\/\/zonaroja.com.mx\/?p=83116","title":{"rendered":"Cantante Rub\u00e9n Blades apoyar\u00e1 a Escuela \u201cSanta Cecilia\u201d, surgida en tiradero de basura"},"content":{"rendered":"\n<p>Lisbeth Mej\u00eda Reyes\/Zona Roja.<\/p>\n\n\n\n<p>Oaxaca, Oax., a 3 de julio de 2025.- El cantautor y activista paname\u00f1o Rub\u00e9n Blades har\u00e1 una donaci\u00f3n a la Escuela de Iniciaci\u00f3n Musical \u201cSanta Cecilia\u201d, surgida en la agencia Vicente Guerrero, en torno al basurero metropolitano que oper\u00f3 por m\u00e1s de 40 a\u00f1os en la Villa de Zaachila, Oaxaca.&nbsp;<\/p>\n\n\n\n<p>Este jueves, durante las pruebas de sonido para su concierto en la capital oaxaque\u00f1a, el compositor e int\u00e9rprete de \u00abPedro Navaja\u00bb se comprometi\u00f3 p\u00fablicamente a dar tal donaci\u00f3n a la escuela porque se la merece.<\/p>\n\n\n\n<p>El artista se refiri\u00f3 al encuentro que Roberto Delgado y su \u201cBig Band\u201d, as\u00ed como \u00e9l, tuvieron con las y los ni\u00f1os y adolescentes de la escuela en la Alh\u00f3ndiga de Antequera, en el centro de la ciudad.<\/p>\n\n\n\n<p>\u00abLos muchachos dieron una cl\u00ednica, yo habl\u00e9 con los ni\u00f1os, profesores y padres de familia. Le vamos a hacer una donaci\u00f3n a la escuela porque se la merecen, est\u00e1n haciendo un excelente trabajo\u00bb, coment\u00f3 Blades en el escenario instalado en el z\u00f3calo capitalino.&nbsp;<\/p>\n\n\n\n<p>Entre tema y tema, lo que era un ensayo se convirti\u00f3 en una convivencia con el p\u00fablico que acudi\u00f3 para pedirle un aut\u00f3grafo o para disfrutar de sus melod\u00edas horas antes de la ansiada cita.<\/p>\n\n\n\n<p>Este s\u00e1bado, el gobernador de Oaxaca, Salom\u00f3n Jara, comparti\u00f3 en sus redes sociales algunas im\u00e1genes del encuentro entre Blades y estudiantes de la Escuela de Iniciaci\u00f3n Musical \u201cSanta Cecilia\u201d, al que acudi\u00f3 tambi\u00e9n el secretario de las Culturas, Flavio Sosa Villavicencio.<\/p>\n\n\n\n<p>\u00abRub\u00e9n, adem\u00e1s de ser un m\u00fasico de talla internacional, es un gran promotor de la m\u00fasica comunitaria y colabora activamente en proyectos que benefician a la ni\u00f1ez\u00bb, public\u00f3 el mandatario.<\/p>\n\n\n\n<p>La Escuela de Iniciaci\u00f3n Musical \u201cSanta Cecilia\u201d fue creada en el a\u00f1o 2011 en la agencia Vicente Guerrero, Villa de Zaachila, como una iniciativa comunitaria para hacer frente al clima de violencia en esta parte de los valles centrales de Oaxaca, a unos 18 kil\u00f3metros de la capital del estado.&nbsp;<\/p>\n\n\n\n<p>La iniciativa que comenz\u00f3 con unos cuantos estudiantes ha llegado a m\u00e1s de 170, primero con el impulso del p\u00e1rroco Jos\u00e9 Renter\u00eda y la propia comunidad, despu\u00e9s con el apoyo de la piloto francesa Isabelle De Boves, que se ha mantenido hasta ahora.<\/p>\n\n\n\n<p>En poco m\u00e1s de 14 a\u00f1os de existencia, las y los estudiantes no solo han aprendido de m\u00fasica y conformado la agrupaci\u00f3n representativa de la escuela, tambi\u00e9n han tocado en diversos foros del estado, del pa\u00eds y del mundo.&nbsp;<\/p>\n\n\n\n<p>En agosto de 2023, aproximadamente 40 infantes y sus docentes viajaron a Francia para ser parte del festival Estrellas Sinf\u00f3nicas, en donde ofrecieron conciertos junto a bandas infantiles y juveniles de otros pa\u00edses. Recientemente volvieron a tocar en el teatro \u201cMacedonio Alcal\u00e1\u201d, en la ciudad de Oaxaca, aunque en otros a\u00f1os tambi\u00e9n se han presentado en el Centro Nacional de las Artes junto al coro Air France, una de las fundaciones que los ha apoyado.<\/p>\n","protected":false},"excerpt":{"rendered":"<p>Lisbeth Mej\u00eda Reyes\/Zona Roja. Oaxaca, Oax., a 3 de julio de 2025.- El cantautor y&hellip;<\/p>\n","protected":false},"author":2,"featured_media":83072,"comment_status":"closed","ping_status":"open","sticky":false,"template":"","format":"standard","meta":{"_lmt_disableupdate":"","_lmt_disable":"","_jetpack_memberships_contains_paid_content":false,"footnotes":""},"categories":[109,46],"tags":[706,4385],"class_list":["post-83116","post","type-post","status-publish","format-standard","has-post-thumbnail","hentry","category-minuto-a-minuto","category-zona-blanca","tag-banda-santa-cecilia-zaachila","tag-ruben-blades"],"jetpack_featured_media_url":"https:\/\/zonaroja.com.mx\/wp-content\/uploads\/2025\/08\/Ruben-Blades-Salomon-Jara-Santa-Cecilia.jpeg","jetpack_sharing_enabled":true,"_links":{"self":[{"href":"https:\/\/zonaroja.com.mx\/index.php?rest_route=\/wp\/v2\/posts\/83116","targetHints":{"allow":["GET"]}}],"collection":[{"href":"https:\/\/zonaroja.com.mx\/index.php?rest_route=\/wp\/v2\/posts"}],"about":[{"href":"https:\/\/zonaroja.com.mx\/index.php?rest_route=\/wp\/v2\/types\/post"}],"author":[{"embeddable":true,"href":"https:\/\/zonaroja.com.mx\/index.php?rest_route=\/wp\/v2\/users\/2"}],"replies":[{"embeddable":true,"href":"https:\/\/zonaroja.com.mx\/index.php?rest_route=%2Fwp%2Fv2%2Fcomments&post=83116"}],"version-history":[{"count":1,"href":"https:\/\/zonaroja.com.mx\/index.php?rest_route=\/wp\/v2\/posts\/83116\/revisions"}],"predecessor-version":[{"id":83117,"href":"https:\/\/zonaroja.com.mx\/index.php?rest_route=\/wp\/v2\/posts\/83116\/revisions\/83117"}],"wp:featuredmedia":[{"embeddable":true,"href":"https:\/\/zonaroja.com.mx\/index.php?rest_route=\/wp\/v2\/media\/83072"}],"wp:attachment":[{"href":"https:\/\/zonaroja.com.mx\/index.php?rest_route=%2Fwp%2Fv2%2Fmedia&parent=83116"}],"wp:term":[{"taxonomy":"category","embeddable":true,"href":"https:\/\/zonaroja.com.mx\/index.php?rest_route=%2Fwp%2Fv2%2Fcategories&post=83116"},{"taxonomy":"post_tag","embeddable":true,"href":"https:\/\/zonaroja.com.mx\/index.php?rest_route=%2Fwp%2Fv2%2Ftags&post=83116"}],"curies":[{"name":"wp","href":"https:\/\/api.w.org\/{rel}","templated":true}]}}