{"id":83124,"date":"2025-08-03T20:23:04","date_gmt":"2025-08-04T02:23:04","guid":{"rendered":"https:\/\/zonaroja.com.mx\/?p=83124"},"modified":"2025-08-03T20:23:06","modified_gmt":"2025-08-04T02:23:06","slug":"ni-con-la-4t-hay-garantias-para-el-activista-juan-sosa-maldonado","status":"publish","type":"post","link":"https:\/\/zonaroja.com.mx\/?p=83124","title":{"rendered":"Ni con la 4T hay garant\u00edas para el activista Juan Sosa Maldonado"},"content":{"rendered":"\n<p>Ismael Garc\u00eda M.\/Zona Roja.<\/p>\n\n\n\n<p>Oaxaca, Oax., a 3 de agosto de 2025.- Exiliado desde hace casi 12 a\u00f1os en Europa junto con su familia, el activista Juan Sosa Maldonado pidi\u00f3 a la Presidenta de M\u00e9xico, Claudia Sheinbaum Pardo, garant\u00edas para el retorno a Oaxaca.<\/p>\n\n\n\n<p>\u201cAs\u00ed, 10 meses despu\u00e9s de su llegada al poder vuelvo a externar mis leg\u00edtimas peticiones:<\/p>\n\n\n\n<p>\u201cQue se levante a mi favor y a favor de mi familia la orden de ejecuci\u00f3n extrajudicial. Que se implementen a nuestro favor los mecanismos necesarios para ser restituidos en nuestros derechos. Que se garantice la preservaci\u00f3n de nuestra integridad f\u00edsica y psicol\u00f3gica para el retorno a nuestro pa\u00eds\u201d, pidi\u00f3.<\/p>\n\n\n\n<p>Record\u00f3:&nbsp;<\/p>\n\n\n\n<p>\u201cCon la llegada al poder del licenciado Andr\u00e9s Manuel L\u00f3pez Obrador en 2018 cre\u00edmos ingenuamente que ese momento hab\u00eda llegado, pero nuestra voz nunca fue escuchada a pesar de que lo solicitamos por los canales de la Secretar\u00eda de Relaciones Exteriores, siendo su titular el licenciado Marcelo Ebrard Casaub\u00f3n\u201d.<\/p>\n\n\n\n<p>En su misiva, Sosa Maldonado hace un recuento de la lucha social en que ha participado, principalmente a favor de los ind\u00edgenas de la zona de los Loxicha, desde el sexenio del entonces priista Di\u00f3doro Carrasco Altamirano, en que fue encarcelado por tres a\u00f1os, mientras que a su hermano Miguel Sosa Maldonado fue asesinado e intentaron matar a su padre.<\/p>\n\n\n\n<p>En el 2006 particip\u00f3 en las mesas de di\u00e1logo junto con organizaciones sociales con la Secretar\u00eda de Gobernaci\u00f3n para hallar una soluci\u00f3n a la represi\u00f3n implementada por el gobierno de Ulises Ruiz Ortiz.<\/p>\n\n\n\n<p>\u201cLejos de echar del poder a Ulises Ruiz Ortiz, el Estado mexicano fortaleci\u00f3 sus mecanismos de represi\u00f3n contra el movimiento social y democr\u00e1tico con las conocidas como \u2018Caravanas de la Muerte\u2019, las ejecuciones extrajudiciales, detenciones ilegales y torturas, la desaparici\u00f3n forzada de personas como los casos de Edmundo Reyes Amaya y Gabriel Albero Cruz S\u00e1nchez y las ind\u00edgenas triquis Virginia y Daniela Ortiz Ram\u00edrez el &nbsp;25 de mayo y cinco de julio de 2007, respectivamente. Una larga espiral de violencia que lejos de aminorar se incrementa\u201d.<\/p>\n\n\n\n<p>El 16 de octubre de ese a\u00f1o 2013 intentaron matarlo de nuevo, pues \u201clas autoridades locales y nacionales demostrando su ineficacia y responsabilidad por esos hechos no fueron capaces de brindarnos garant\u00edas de seguridad para preservar nuestra vida e integridad f\u00edsica\u201d.<\/p>\n\n\n\n<p>Tras ello, junto con cinco miembros de su familia, se exilio en Europa, por lo cual pide garant\u00edas para el retorno a su pa\u00eds y a su estado natal.<\/p>\n","protected":false},"excerpt":{"rendered":"<p>Ismael Garc\u00eda M.\/Zona Roja. Oaxaca, Oax., a 3 de agosto de 2025.- Exiliado desde hace&hellip;<\/p>\n","protected":false},"author":2,"featured_media":83125,"comment_status":"closed","ping_status":"open","sticky":false,"template":"","format":"standard","meta":{"_lmt_disableupdate":"","_lmt_disable":"","_jetpack_memberships_contains_paid_content":false,"footnotes":""},"categories":[109,46],"tags":[1905],"class_list":["post-83124","post","type-post","status-publish","format-standard","has-post-thumbnail","hentry","category-minuto-a-minuto","category-zona-blanca","tag-juan-sosa-maldonado"],"jetpack_featured_media_url":"https:\/\/zonaroja.com.mx\/wp-content\/uploads\/2025\/08\/Juan-sosa-Maldonado.jpg","jetpack_sharing_enabled":true,"_links":{"self":[{"href":"https:\/\/zonaroja.com.mx\/index.php?rest_route=\/wp\/v2\/posts\/83124","targetHints":{"allow":["GET"]}}],"collection":[{"href":"https:\/\/zonaroja.com.mx\/index.php?rest_route=\/wp\/v2\/posts"}],"about":[{"href":"https:\/\/zonaroja.com.mx\/index.php?rest_route=\/wp\/v2\/types\/post"}],"author":[{"embeddable":true,"href":"https:\/\/zonaroja.com.mx\/index.php?rest_route=\/wp\/v2\/users\/2"}],"replies":[{"embeddable":true,"href":"https:\/\/zonaroja.com.mx\/index.php?rest_route=%2Fwp%2Fv2%2Fcomments&post=83124"}],"version-history":[{"count":1,"href":"https:\/\/zonaroja.com.mx\/index.php?rest_route=\/wp\/v2\/posts\/83124\/revisions"}],"predecessor-version":[{"id":83126,"href":"https:\/\/zonaroja.com.mx\/index.php?rest_route=\/wp\/v2\/posts\/83124\/revisions\/83126"}],"wp:featuredmedia":[{"embeddable":true,"href":"https:\/\/zonaroja.com.mx\/index.php?rest_route=\/wp\/v2\/media\/83125"}],"wp:attachment":[{"href":"https:\/\/zonaroja.com.mx\/index.php?rest_route=%2Fwp%2Fv2%2Fmedia&parent=83124"}],"wp:term":[{"taxonomy":"category","embeddable":true,"href":"https:\/\/zonaroja.com.mx\/index.php?rest_route=%2Fwp%2Fv2%2Fcategories&post=83124"},{"taxonomy":"post_tag","embeddable":true,"href":"https:\/\/zonaroja.com.mx\/index.php?rest_route=%2Fwp%2Fv2%2Ftags&post=83124"}],"curies":[{"name":"wp","href":"https:\/\/api.w.org\/{rel}","templated":true}]}}