{"id":83127,"date":"2025-08-03T21:34:21","date_gmt":"2025-08-04T03:34:21","guid":{"rendered":"https:\/\/zonaroja.com.mx\/?p=83127"},"modified":"2025-08-03T21:34:23","modified_gmt":"2025-08-04T03:34:23","slug":"fuerzas-especiales-del-ejercito-ejemplo-de-fuerza-coraje-disciplina-y-valor","status":"publish","type":"post","link":"https:\/\/zonaroja.com.mx\/?p=83127","title":{"rendered":"Fuerzas Especiales del Ej\u00e9rcito, ejemplo de fuerza, coraje, disciplina y valor"},"content":{"rendered":"\n<p>Redacci\u00f3n\/Zona Roja Cdmx.<\/p>\n\n\n\n<p>Ciudad de M\u00e9xico, a 3 de agosto de 2025.- A 35 a\u00f1os de su creaci\u00f3n, el Cuerpo de Fuerzas Especiales (CFE) de la Secretar\u00eda de la Defensa Nacional (Defensa) es el semillero del personal capacitado para operaciones de alto riesgo, en tierra, mar y aire.<\/p>\n\n\n\n<p>En un proceso estricto de selecci\u00f3n y capacitaci\u00f3n, sus elementos, en el que ya participan mujeres, deben mostrar fuerza, coraje, mucha disciplina y valor.<\/p>\n\n\n\n<p>\u201cEl curso b\u00e1sico est\u00e1 enfocado a un patrullero, y a desarrollar habilidades que como elemento del Ej\u00e9rcito tienes que dominar, como son patrullajes, dominar a un cien por ciento las habilidades de tiro, ser fuerte f\u00edsicamente\u201d, coment\u00f3 el subteniente de Infanter\u00eda Tomy Flores Hern\u00e1ndez, comisionado en el Centro de Adiestramiento de Fuerzas Especiales (CAFE).<\/p>\n\n\n\n<p>Si ser integrante de las Fuerzas Armadas no es f\u00e1cil, ser elemento de las Fuerzas Especiales del Ej\u00e9rcito Mexicano exige todav\u00eda m\u00e1s a su personal, con m\u00e1s horas de entrenamiento f\u00edsico, t\u00e9cnico, militar, de estrategia y mental, para soportar el estr\u00e9s generado en las operaciones.<\/p>\n\n\n\n<p>La captura de objetivos prioritarios generadores de violencia, la recuperaci\u00f3n de territorios, el rescate de personas privadas de la libertad, el combate a grupos del crimen organizado y a la producci\u00f3n de sustancias prohibidas, son algunas de sus operaciones principales.<\/p>\n\n\n\n<p>\u201cEl car\u00e1cter es muy importante ya que, como comandante, muchas veces nos vemos sometidos a situaciones de estr\u00e9s, que el estr\u00e9s es bueno porque te ayuda a identificar qu\u00e9 son los factores que te detonan la habilidad de resoluci\u00f3n de problemas.<\/p>\n\n\n\n<p>\u201cEsto coadyuva a que pueda tomar decisiones asertivas, tanto en beneficio propio como de tu patrulla, como para el cumplimiento de la misi\u00f3n\u201d, explic\u00f3 el subteniente Flores Hern\u00e1ndez.<\/p>\n\n\n\n<p>En agosto de 1990 se crearon las Fuerzas Especiales de Reacci\u00f3n Inmediata del Alto Mando (FERIAM), que con el tiempo fueron cambiando su designaci\u00f3n, hasta llegar a su actual nomenclatura.<\/p>\n\n\n\n<p>Su entrenamiento es estricto, severo, se busca confirmar que el aspirante a pertenecer a este grupo no va a claudicar o a tomar una decisi\u00f3n que ponga en riesgo su vida y la de su patrulla.<\/p>\n\n\n\n<p>Su equipo personal est\u00e1 integrado por una mochila con enseres personales, chaleco con placas bal\u00edsticas, casco, arma larga y corta; poco m\u00e1s de 30 kilos.<\/p>\n\n\n\n<p>A esto, en ocasiones se suma una mochila con el equipo m\u00e9dico, que incluye una camilla, de aproximadamente 20 kilos; o el equipo de radiocomunicaci\u00f3n, de 7 kilos, en ambos casos, para una persona sin entrenamiento, a los primeros 100 metros, parece que el peso aumenta al doble.<\/p>\n\n\n\n<p>todos pueden trabajar bajo presi\u00f3n; sin embargo, esta tambi\u00e9n es una habilidad que se puede desarrollar, c\u00f3mo, llevando al cursante a situaciones que lo someten a este tipo de estr\u00e9s, a tal manera que logre desarrollar esas habilidades\u201d, coment\u00f3 el capacitador, subteniente Flores.<\/p>\n\n\n\n<p>Tras concluir su formaci\u00f3n, en el CAFE, en Temamatla, Estado de M\u00e9xico, el personal Fuerzas Especiales es desplegado en todo el pa\u00eds, de manera estrat\u00e9gica, para el cumplimiento de sus misiones, en la que comienzan a participar mujeres.<\/p>\n\n\n\n<p>Hoy en d\u00eda en el CAFE tiene compa\u00f1eras que han realizado Curso B\u00e1sico, Curso de Oficiales, y este a\u00f1o, incluso, el Curso de Sargento de Fuerzas Especiales\u201d, indic\u00f3 el subteniente Flores Mart\u00ednez.<\/p>\n\n\n\n<p>(Informaci\u00f3n de \u00abExc\u00e9lsior\u00bb)<\/p>\n","protected":false},"excerpt":{"rendered":"<p>Redacci\u00f3n\/Zona Roja Cdmx. Ciudad de M\u00e9xico, a 3 de agosto de 2025.- A 35 a\u00f1os&hellip;<\/p>\n","protected":false},"author":2,"featured_media":83128,"comment_status":"closed","ping_status":"open","sticky":false,"template":"","format":"standard","meta":{"_lmt_disableupdate":"","_lmt_disable":"","_jetpack_memberships_contains_paid_content":false,"footnotes":""},"categories":[109,46],"tags":[4386],"class_list":["post-83127","post","type-post","status-publish","format-standard","has-post-thumbnail","hentry","category-minuto-a-minuto","category-zona-blanca","tag-fuerzas-especiales-del-ejercito"],"jetpack_featured_media_url":"https:\/\/zonaroja.com.mx\/wp-content\/uploads\/2025\/08\/Fuerzas-Especiales-del-Ejercito.jpg","jetpack_sharing_enabled":true,"_links":{"self":[{"href":"https:\/\/zonaroja.com.mx\/index.php?rest_route=\/wp\/v2\/posts\/83127","targetHints":{"allow":["GET"]}}],"collection":[{"href":"https:\/\/zonaroja.com.mx\/index.php?rest_route=\/wp\/v2\/posts"}],"about":[{"href":"https:\/\/zonaroja.com.mx\/index.php?rest_route=\/wp\/v2\/types\/post"}],"author":[{"embeddable":true,"href":"https:\/\/zonaroja.com.mx\/index.php?rest_route=\/wp\/v2\/users\/2"}],"replies":[{"embeddable":true,"href":"https:\/\/zonaroja.com.mx\/index.php?rest_route=%2Fwp%2Fv2%2Fcomments&post=83127"}],"version-history":[{"count":1,"href":"https:\/\/zonaroja.com.mx\/index.php?rest_route=\/wp\/v2\/posts\/83127\/revisions"}],"predecessor-version":[{"id":83129,"href":"https:\/\/zonaroja.com.mx\/index.php?rest_route=\/wp\/v2\/posts\/83127\/revisions\/83129"}],"wp:featuredmedia":[{"embeddable":true,"href":"https:\/\/zonaroja.com.mx\/index.php?rest_route=\/wp\/v2\/media\/83128"}],"wp:attachment":[{"href":"https:\/\/zonaroja.com.mx\/index.php?rest_route=%2Fwp%2Fv2%2Fmedia&parent=83127"}],"wp:term":[{"taxonomy":"category","embeddable":true,"href":"https:\/\/zonaroja.com.mx\/index.php?rest_route=%2Fwp%2Fv2%2Fcategories&post=83127"},{"taxonomy":"post_tag","embeddable":true,"href":"https:\/\/zonaroja.com.mx\/index.php?rest_route=%2Fwp%2Fv2%2Ftags&post=83127"}],"curies":[{"name":"wp","href":"https:\/\/api.w.org\/{rel}","templated":true}]}}