{"id":83130,"date":"2025-08-04T07:30:01","date_gmt":"2025-08-04T13:30:01","guid":{"rendered":"https:\/\/zonaroja.com.mx\/?p=83130"},"modified":"2025-08-04T07:30:04","modified_gmt":"2025-08-04T13:30:04","slug":"aumentan-a-ocho-muertos-y-10-heridos-tras-motin-en-veracruz","status":"publish","type":"post","link":"https:\/\/zonaroja.com.mx\/?p=83130","title":{"rendered":"Aumentan a ocho muertos y 10 heridos tras mot\u00edn en Veracruz"},"content":{"rendered":"\n<p>Redacci\u00f3n\/Zona Roja Cdmx.<\/p>\n\n\n\n<p>Ciudad de M\u00e9xico, a 4 de agosto de 2025.- Derivado de un mot\u00edn que se registr\u00f3 en el Centro de Readaptaci\u00f3n Social de Tuxpan, en el norte de Veracruz, la cifra de muertos increment\u00f3 a ocho al registrarse la tarde del domingo el deceso de uno de los heridos.<\/p>\n\n\n\n<p>De acuerdo a la informaci\u00f3n de la autoridad, se trata de William Alexis Molina Cabrera quien result\u00f3 heridos y fue trasladado a un hospital de la regi\u00f3n para recibir atenci\u00f3n m\u00e9dica.<\/p>\n\n\n\n<p>Sin embargo, se suma a la lista de internos que perdieron la vida derivado de los hechos violentos registrados en el interior la tarde del s\u00e1bado en la zona norte del estado de Veracruz.<\/p>\n\n\n\n<p>El domingo por la ma\u00f1ana el titular de Seguridad P\u00fablica del Estado Alfonso Reyes Garc\u00e9s dio a conocer el parte oficial, donde detall\u00f3 que tras el amotinamiento alrededor de las nueve de la ma\u00f1ana del domingo lograron retomar el control del inmueble.<\/p>\n\n\n\n<p>Asimismo, confirm\u00f3 que se registraron siete decesos y 11 heridos, sin embargo, la tarde del domingo falleci\u00f3 uno de los internos, con lo que la cifra fatal increment\u00f3 a ocho, mientras los diez heridos contin\u00faan hospitalizados.<\/p>\n\n\n\n<p>Los nombres de quienes falleciaron tras los hechos son Edgar Luis Hern\u00e1ndez Reina, Elmer Leonel L\u00f3pez L\u00f3pez, Jes\u00fas Eduardo Espinoza Santiago, Edgar Estuardo Acajaban Lacan, Fernando de la Cruz Moctezuma, Roberto Garc\u00eda Soto, Eric Augusto Abad Morales y William Alexis Molina Cabrera.<\/p>\n\n\n\n<p>Finalmente los heridos son Lucas Salazar Monroy, Gonzalo Vargas Santiago, C\u00e9sar Estuardo Abad Morales, Joselito Cruz Hern\u00e1ndez, Roberto Carlos Leyva Garc\u00eda, Jos\u00e9 Alberto L\u00f3pez Mart\u00ednez, Luis Francisco Sarag\u00f3n Rivera, Luis Enrique Crist\u00f3bal Ramos y Jos\u00e9 Alfredo Jim\u00e9nez Lozano.<\/p>\n\n\n\n<p>(Informaci\u00f3n de Javier Laertes, \u201cEnfoque Noticias\u201d)<\/p>\n","protected":false},"excerpt":{"rendered":"<p>Redacci\u00f3n\/Zona Roja Cdmx. Ciudad de M\u00e9xico, a 4 de agosto de 2025.- Derivado de un&hellip;<\/p>\n","protected":false},"author":2,"featured_media":83131,"comment_status":"closed","ping_status":"open","sticky":false,"template":"","format":"standard","meta":{"_lmt_disableupdate":"","_lmt_disable":"","_jetpack_memberships_contains_paid_content":false,"footnotes":""},"categories":[109,47],"tags":[4387],"class_list":["post-83130","post","type-post","status-publish","format-standard","has-post-thumbnail","hentry","category-minuto-a-minuto","category-zona-gris","tag-motin-tuxpan-veracruz"],"jetpack_featured_media_url":"https:\/\/zonaroja.com.mx\/wp-content\/uploads\/2025\/08\/Motin-Tuxpan-Veracruz.avif","jetpack_sharing_enabled":true,"_links":{"self":[{"href":"https:\/\/zonaroja.com.mx\/index.php?rest_route=\/wp\/v2\/posts\/83130","targetHints":{"allow":["GET"]}}],"collection":[{"href":"https:\/\/zonaroja.com.mx\/index.php?rest_route=\/wp\/v2\/posts"}],"about":[{"href":"https:\/\/zonaroja.com.mx\/index.php?rest_route=\/wp\/v2\/types\/post"}],"author":[{"embeddable":true,"href":"https:\/\/zonaroja.com.mx\/index.php?rest_route=\/wp\/v2\/users\/2"}],"replies":[{"embeddable":true,"href":"https:\/\/zonaroja.com.mx\/index.php?rest_route=%2Fwp%2Fv2%2Fcomments&post=83130"}],"version-history":[{"count":1,"href":"https:\/\/zonaroja.com.mx\/index.php?rest_route=\/wp\/v2\/posts\/83130\/revisions"}],"predecessor-version":[{"id":83132,"href":"https:\/\/zonaroja.com.mx\/index.php?rest_route=\/wp\/v2\/posts\/83130\/revisions\/83132"}],"wp:featuredmedia":[{"embeddable":true,"href":"https:\/\/zonaroja.com.mx\/index.php?rest_route=\/wp\/v2\/media\/83131"}],"wp:attachment":[{"href":"https:\/\/zonaroja.com.mx\/index.php?rest_route=%2Fwp%2Fv2%2Fmedia&parent=83130"}],"wp:term":[{"taxonomy":"category","embeddable":true,"href":"https:\/\/zonaroja.com.mx\/index.php?rest_route=%2Fwp%2Fv2%2Fcategories&post=83130"},{"taxonomy":"post_tag","embeddable":true,"href":"https:\/\/zonaroja.com.mx\/index.php?rest_route=%2Fwp%2Fv2%2Ftags&post=83130"}],"curies":[{"name":"wp","href":"https:\/\/api.w.org\/{rel}","templated":true}]}}