{"id":83133,"date":"2025-08-04T08:15:00","date_gmt":"2025-08-04T14:15:00","guid":{"rendered":"https:\/\/zonaroja.com.mx\/?p=83133"},"modified":"2025-08-04T08:25:28","modified_gmt":"2025-08-04T14:25:28","slug":"exigen-justicia-por-joven-asesinado-en-huatulco-otro-crimen-en-la-mixteca","status":"publish","type":"post","link":"https:\/\/zonaroja.com.mx\/?p=83133","title":{"rendered":"Exigen justicia por joven asesinado en Huatulco; otro crimen en la Mixteca"},"content":{"rendered":"\n<p>Raymundo Morales\/Zona Roja.<\/p>\n\n\n\n<p>Oaxaca, Oax., a 4 de agosto de 2025.- Familiares de Ramiro O. R., de 21 a\u00f1os de edad, exigen justicia por el asesinato del joven, perpetradlo en Santa Cruz Huatulco.<\/p>\n\n\n\n<p>El ataque con arma blanca ocurri\u00f3 la noche del s\u00e1bado en la zona tur\u00edstica, inmediaciones del sector U2, tras lo cual fue trasladado a un hospital cercano, sin embargo, el domingo por la ma\u00f1ana perdi\u00f3 la vida.<\/p>\n\n\n\n<p>Hasta el momento no se ha podido establecer el m\u00f3vil de la agresi\u00f3n y tampoco hay datos del o de los atacantes, por lo cual los familiares demandan que se esclarezca el caso.<\/p>\n\n\n\n<p>El s\u00e1bado tambi\u00e9n ocurri\u00f3 el hallazgo del cuerpo de una persona sin vida, con varios impactos de arma de fuego, en la regi\u00f3n Mixteca del estado.<\/p>\n\n\n\n<p>Seg\u00fan los primeros informes, fue identificado como David G. M., de 21 a\u00f1os de edad, originario del municipio de Huajuapan de Le\u00f3n.<\/p>\n\n\n\n<p>El cuerpo fue localizado la ma\u00f1ana del s\u00e1bado a un costado de la carretera Huajuapan-Juxtlahuaca, en jurisdicci\u00f3n del municipio de San Marcos Arteaga.<\/p>\n\n\n\n<p>Se encontraba atado de manos y pies y presentaba huellas de tortura, ademas de diversos impactos de bala.<\/p>\n\n\n\n<p>Los familiares acudieron ayer a identificar el cuerpo y reclamaron justicia por este asesinato.<\/p>\n\n\n\n<p>Mientras tanto, las v\u00edctimas de la agresi\u00f3n armada de la tarde del viernes en La Lobera, comunidad de Santa In\u00e9s del Monte, distrito de Zaachila, fueron identificadas ayer.<\/p>\n\n\n\n<p>El mismo d\u00eda falleci\u00f3 en el lugar Antonio G. M., de 62 a\u00f1os de edad, mientras que en un hospital muri\u00f3 Edith G. L., de 52 a\u00f1os de edad, el s\u00e1bado por la ma\u00f1ana; hay otra persona convaleciente. Hasta el momento no hay personas detenidas por este doble homicidio.<\/p>\n\n\n\n<p>EN SALINA CRUZ<\/p>\n\n\n\n<p>Por otra parte, la madrugada de ayer domingo se registro un enfrentamiento armado en camino a la comunidad de la agencia Bah\u00eda La Ventosa.<\/p>\n\n\n\n<p>El resultado fue de al menos dos personadas lesionadas de bala, que fueron trasladadas a un hospital.<\/p>\n\n\n\n<p>Pese a operativos de b\u00fasqueda en la zona, hasta el momento no han sido localizados los autores del tiroteo.<\/p>\n","protected":false},"excerpt":{"rendered":"<p>Raymundo Morales\/Zona Roja. Oaxaca, Oax., a 4 de agosto de 2025.- Familiares de Ramiro O.&hellip;<\/p>\n","protected":false},"author":2,"featured_media":67727,"comment_status":"closed","ping_status":"open","sticky":false,"template":"","format":"standard","meta":{"_lmt_disableupdate":"","_lmt_disable":"","_jetpack_memberships_contains_paid_content":false,"footnotes":""},"categories":[109,51],"tags":[1336],"class_list":["post-83133","post","type-post","status-publish","format-standard","has-post-thumbnail","hentry","category-minuto-a-minuto","category-zona-roja","tag-bahias-de-huatulco"],"jetpack_featured_media_url":"https:\/\/zonaroja.com.mx\/wp-content\/uploads\/2024\/04\/Escena-del-crimen-2-asesinato.jpeg","jetpack_sharing_enabled":true,"_links":{"self":[{"href":"https:\/\/zonaroja.com.mx\/index.php?rest_route=\/wp\/v2\/posts\/83133","targetHints":{"allow":["GET"]}}],"collection":[{"href":"https:\/\/zonaroja.com.mx\/index.php?rest_route=\/wp\/v2\/posts"}],"about":[{"href":"https:\/\/zonaroja.com.mx\/index.php?rest_route=\/wp\/v2\/types\/post"}],"author":[{"embeddable":true,"href":"https:\/\/zonaroja.com.mx\/index.php?rest_route=\/wp\/v2\/users\/2"}],"replies":[{"embeddable":true,"href":"https:\/\/zonaroja.com.mx\/index.php?rest_route=%2Fwp%2Fv2%2Fcomments&post=83133"}],"version-history":[{"count":2,"href":"https:\/\/zonaroja.com.mx\/index.php?rest_route=\/wp\/v2\/posts\/83133\/revisions"}],"predecessor-version":[{"id":83143,"href":"https:\/\/zonaroja.com.mx\/index.php?rest_route=\/wp\/v2\/posts\/83133\/revisions\/83143"}],"wp:featuredmedia":[{"embeddable":true,"href":"https:\/\/zonaroja.com.mx\/index.php?rest_route=\/wp\/v2\/media\/67727"}],"wp:attachment":[{"href":"https:\/\/zonaroja.com.mx\/index.php?rest_route=%2Fwp%2Fv2%2Fmedia&parent=83133"}],"wp:term":[{"taxonomy":"category","embeddable":true,"href":"https:\/\/zonaroja.com.mx\/index.php?rest_route=%2Fwp%2Fv2%2Fcategories&post=83133"},{"taxonomy":"post_tag","embeddable":true,"href":"https:\/\/zonaroja.com.mx\/index.php?rest_route=%2Fwp%2Fv2%2Ftags&post=83133"}],"curies":[{"name":"wp","href":"https:\/\/api.w.org\/{rel}","templated":true}]}}