{"id":83138,"date":"2025-08-04T09:14:00","date_gmt":"2025-08-04T15:14:00","guid":{"rendered":"https:\/\/zonaroja.com.mx\/?p=83138"},"modified":"2025-08-04T08:19:48","modified_gmt":"2025-08-04T14:19:48","slug":"reconocen-que-mancha-inmobiliaria-ya-esta-dentro-de-reserva-del-creston","status":"publish","type":"post","link":"https:\/\/zonaroja.com.mx\/?p=83138","title":{"rendered":"Reconocen que mancha inmobiliaria ya est\u00e1 dentro de reserva del \u201cCrest\u00f3n\u201d"},"content":{"rendered":"\n<p>Lisbeth Mej\u00eda Reyes\/Zona Roja.<\/p>\n\n\n\n<p>Oaxaca, Oax., a 4 de agosto de 2025.- En medio de las preocupaciones de organizaciones de la sociedad civil y de la academia porque el ayuntamiento de Oaxaca de Ju\u00e1rez revoc\u00f3 el veto en la zona de reserva ecol\u00f3gica del \u201cCrest\u00f3n\u201d, el consejero jur\u00eddico del gobierno estatal, Geovany V\u00e1squez Sagrero, reconoci\u00f3 que persiste el inter\u00e9s de inmobiliarias en la zona y algunas lograron su cometido ante la falta de definici\u00f3n del pol\u00edgono del \u00e1rea natural protegida Cerro del \u201cCrest\u00f3n\u201d-Cruz Blanca-Fort\u00edn.<\/p>\n\n\n\n<p>Admiti\u00f3 que la mancha urbana ya invadi\u00f3 el \u00e1rea natural, pero que no es algo reciente sino que data de hace varios a\u00f1os en los que se mantuvo indefinido el pol\u00edgono del \u00e1rea decretada en 1992.<\/p>\n\n\n\n<p>En entrevista, V\u00e1squez Sagrero asegur\u00f3 que la decisi\u00f3n del Cabildo se basa en el nuevo decreto de septiembre de 2024, con el que se rectific\u00f3 el de 1992 y delimit\u00f3 el pol\u00edgono.&nbsp;<\/p>\n\n\n\n<p>El nuevo decreto, dijo, es para \u00abnormar, encapsular esas \u00e1reas que han estado creciendo de manera desordenada\u00bb en la zona de reserva ecol\u00f3gica de la ciudad de Oaxaca.&nbsp;<\/p>\n\n\n\n<p>Aunque, como marca el documento, descart\u00f3 la expropiaci\u00f3n o la demolici\u00f3n de obras. Sin embargo, lo consider\u00f3 como un instrumento para frenar a las empresas inmobiliarias.&nbsp;<\/p>\n\n\n\n<p>\u00abEncontramos inmobiliarias que hab\u00edan comprado hect\u00e1reas y quer\u00edan hacer desarrollos con miras a la especulaci\u00f3n comercial en un \u00e1rea natural protegida&#8230; Incluso se han clausurado algunas de estas edificaciones que han querido comenzar a realizar\u00bb, explic\u00f3 el representante legal del gobierno estatal.<\/p>\n\n\n\n<p>De acuerdo con V\u00e1squez Sagrero, el modo de operar de las inmobiliarias se ha basado en comprar terrenos en la zona del \u201cCrest\u00f3n\u201d y tramitar amparos ante jueces federales aludiendo que se violaba su derecho a la propiedad, de que no se les daban los tr\u00e1mites y derechos de petici\u00f3n.&nbsp;<\/p>\n\n\n\n<p>\u00abY el gobierno del estado, al no tener delimitado (el pol\u00edgono) y (sin poder) decirle al juez hasta d\u00f3nde realmente abarca el \u00e1rea de reserva, perd\u00eda los amparos\u00bb.<\/p>\n\n\n\n<p>De ah\u00ed, dijo, \u00abla necesidad de que se hiciera una prueba pericial. Ahora que nos han llegado esos amparos (de inmobiliarias) no han podido ganarlos porque acreditamos fehacientemente ante el juez federal que los predios que reclaman est\u00e1n en un \u00e1rea de reserva y que es correcto que se les nieguen los permisos\u00bb.<\/p>\n\n\n\n<p>PROGRAMA DE MANEJO<\/p>\n\n\n\n<p>El programa de manejo de la zona de reserva ecol\u00f3gica y \u00e1rea natural protegida Cerro del \u201cCrest\u00f3n\u201d-Cruz Blanca-Fort\u00edn a\u00fan se est\u00e1 construyendo, explic\u00f3 el funcionario sobre una labor que encabeza la Secretar\u00eda de Medio Ambiente, Biodiversidad Energ\u00eda y Sostenibilidad y en colaboraci\u00f3n con los habitantes de la zona.<\/p>\n\n\n\n<p>Por ahora, y como parte de un convenio de colaboraci\u00f3n con gobierno estatal, V\u00e1squez expuso que \u00abel ayuntamiento procedi\u00f3 a avanzar con los tr\u00e1mites\u00bb que manten\u00eda suspendidos desde 2021. La finalidad es \u00abdotar de certeza jur\u00eddica en las zonas urbanas que ya est\u00e1n en el \u00e1rea de reserva\u00bb, asegur\u00f3.<\/p>\n\n\n\n<p>Por su parte, el Observatorio Ciudadano Comunitario del Agua y Medio Ambiente de los Valles Centrales de Oaxaca, as\u00ed como el Colegio de Urbanistas de Oaxaca, han mostrado su preocupaci\u00f3n por el levantamientos de este veto y han hecho llamados a las autoridades estatales y municipales para proteger la zona de reserva ecol\u00f3gica. Al ser parte de la cordillera Norte, el Observatorio Ciudadano tambi\u00e9n exigi\u00f3 la protecci\u00f3n de esta a trav\u00e9s de un programa integral.<\/p>\n","protected":false},"excerpt":{"rendered":"<p>Lisbeth Mej\u00eda Reyes\/Zona Roja. Oaxaca, Oax., a 4 de agosto de 2025.- En medio de&hellip;<\/p>\n","protected":false},"author":2,"featured_media":83140,"comment_status":"closed","ping_status":"open","sticky":false,"template":"","format":"standard","meta":{"_lmt_disableupdate":"","_lmt_disable":"","_jetpack_memberships_contains_paid_content":false,"footnotes":""},"categories":[109,46],"tags":[2045],"class_list":["post-83138","post","type-post","status-publish","format-standard","has-post-thumbnail","hentry","category-minuto-a-minuto","category-zona-blanca","tag-cerro-del-creston-ciudad-de-oaxaca"],"jetpack_featured_media_url":"https:\/\/zonaroja.com.mx\/wp-content\/uploads\/2025\/08\/Cerro-del-creston-ciudad-de-Oaxaca.jpg","jetpack_sharing_enabled":true,"_links":{"self":[{"href":"https:\/\/zonaroja.com.mx\/index.php?rest_route=\/wp\/v2\/posts\/83138","targetHints":{"allow":["GET"]}}],"collection":[{"href":"https:\/\/zonaroja.com.mx\/index.php?rest_route=\/wp\/v2\/posts"}],"about":[{"href":"https:\/\/zonaroja.com.mx\/index.php?rest_route=\/wp\/v2\/types\/post"}],"author":[{"embeddable":true,"href":"https:\/\/zonaroja.com.mx\/index.php?rest_route=\/wp\/v2\/users\/2"}],"replies":[{"embeddable":true,"href":"https:\/\/zonaroja.com.mx\/index.php?rest_route=%2Fwp%2Fv2%2Fcomments&post=83138"}],"version-history":[{"count":1,"href":"https:\/\/zonaroja.com.mx\/index.php?rest_route=\/wp\/v2\/posts\/83138\/revisions"}],"predecessor-version":[{"id":83141,"href":"https:\/\/zonaroja.com.mx\/index.php?rest_route=\/wp\/v2\/posts\/83138\/revisions\/83141"}],"wp:featuredmedia":[{"embeddable":true,"href":"https:\/\/zonaroja.com.mx\/index.php?rest_route=\/wp\/v2\/media\/83140"}],"wp:attachment":[{"href":"https:\/\/zonaroja.com.mx\/index.php?rest_route=%2Fwp%2Fv2%2Fmedia&parent=83138"}],"wp:term":[{"taxonomy":"category","embeddable":true,"href":"https:\/\/zonaroja.com.mx\/index.php?rest_route=%2Fwp%2Fv2%2Fcategories&post=83138"},{"taxonomy":"post_tag","embeddable":true,"href":"https:\/\/zonaroja.com.mx\/index.php?rest_route=%2Fwp%2Fv2%2Ftags&post=83138"}],"curies":[{"name":"wp","href":"https:\/\/api.w.org\/{rel}","templated":true}]}}