{"id":8314,"date":"2020-02-01T20:55:04","date_gmt":"2020-02-02T02:55:04","guid":{"rendered":"http:\/\/www.zonaroja.com.mx\/?p=8314"},"modified":"2020-02-01T20:55:09","modified_gmt":"2020-02-02T02:55:09","slug":"piden-considerar-victima-directa-a-mama-de-saxofonista-por-lesiones-gravisimas","status":"publish","type":"post","link":"https:\/\/zonaroja.com.mx\/?p=8314","title":{"rendered":"Piden considerar v\u00edctima directa a mam\u00e1 de saxofonista por lesiones grav\u00edsimas"},"content":{"rendered":"\n<p>Nathalie G\u00f3mez\/Informativo\/6y7<\/p>\n\n\n\n<p>Huajuapan de Le\u00f3n, Oax., 1 de febrero\nde 2020.- Dado que tambi\u00e9n sufri\u00f3 quemaduras provocadas por \u00e1cido sulf\u00farico, el\n9 de septiembre de 2019, Ana Katiria Su\u00e1rez Castro, abogada penalista y\ndefensora de g\u00e9nero, pidi\u00f3 que la mam\u00e1 de Mar\u00eda Elena R\u00edos, sea considerada\ntambi\u00e9n v\u00edctima directa.<\/p>\n\n\n\n<p>La asesora jur\u00eddica de la joven\nsaxofonista, detall\u00f3: \u201cLa madre de Mar\u00eda Elena tambi\u00e9n es v\u00edctima directa,\npresenta lesiones grav\u00edsimas y no ha sido observada como v\u00edctima directa por lo\ncual no ha podido tener acceso a todos los beneficios que el sistema nos ofrece\npara la reparaci\u00f3n integral de estos da\u00f1os y las lesiones tan dolorosas como\nlas que provoca el \u00e1cido sulf\u00farico en cualquier parte del cuerpo\u201d.<\/p>\n\n\n\n<p>Aclar\u00f3 que no toda la familia de Mar\u00eda\nElena tiene medidas cautelares, pero se est\u00e1 perfeccionando esa situaci\u00f3n:\n\u201cHacia Mar\u00eda Elena s\u00ed est\u00e1n dadas, no me parecen suficientes, pero vamos a\ncomplementar y abonar al trabajo de las autoridades porque no se trata de\nse\u00f1alar sino de contribuir a la reparaci\u00f3n del da\u00f1o\u201d.<\/p>\n\n\n\n<p>Calific\u00f3 como deficiente e insuficiente\nla atenci\u00f3n que ha recibido Mar\u00eda Elena, pues revisando la atenci\u00f3n que se ha\nbrindado en meses anteriores, detectaron que hay consecuencias graves derivadas\nde la omisi\u00f3n de ciertas autoridades o instituciones responsables no solamente\ndel \u00e1rea judicial o de procuraci\u00f3n de justicia, sino en el sector salud.<\/p>\n\n\n\n<p>\u201cHace falta mucho por hacer, faltan\ntratamientos para cicatrizar y nuevas operaciones de reinjertos, igual que para\nla madre, por eso hay que establecerla como v\u00edctima directa y que el Estado\nmexicano se haga responsable, exigiremos que se les atienda hasta el m\u00e1s alto\nnivel\u201d, dijo.<\/p>\n\n\n\n<p>La contenci\u00f3n psicoemocional y\npsiqui\u00e1trica, hasta ahora, Mar\u00eda Elena no la ha recibido con una secuencia\nformal con terapias, lo que la abogada consider\u00f3 delicado porque conforme el\ntiempo avanza, la afectaci\u00f3n crece.<\/p>\n\n\n\n<p>\u201cMar\u00eda Elena est\u00e1 muy deprimida, muy\ntriste y afectada, no s\u00f3lo por el evento sino por el abandono que sintieron\nmucho tiempo por parte de las autoridades, aunque hoy la intenci\u00f3n sea promover\ny restablecer esa situaci\u00f3n\u201d, asever\u00f3.<\/p>\n\n\n\n<p>Consider\u00f3 que hace falta sensibilidad\nen las instituciones para tratar este tipo de causas y v\u00edctimas, pues no es lo\nmismo que la Fiscal\u00eda de Atenci\u00f3n a V\u00edctimas atienda un delito de fraude o\nrobo, por ejemplo, a una afectaci\u00f3n f\u00edsica y psicoemocional como es la\ntentativa de feminicidio, tratar de privar de la vida a alguien.<\/p>\n\n\n\n<p>Con respecto al proceso legal y tras\nuna reuni\u00f3n que sostuvo el grupo de asesores jur\u00eddicos de Mar\u00eda Elena con el\nvicefiscal regional de justicia en la Mixteca, Jorge Alberto Flores S\u00e1nchez,\nexplic\u00f3 que \u201chace falta la ejecuci\u00f3n y detenci\u00f3n de tres acusados, entre ellos\nel ex diputado Juan Vera Carrizal, su hijo, y otra persona\u201d.<\/p>\n\n\n\n<p>Aclar\u00f3 que los implicados no s\u00f3lo\nfueron los dos detenidos y las tres personas m\u00e1s contra las que hay \u00f3rdenes de\naprehensi\u00f3n, sino \u201cotras personas que ameritan la acusaci\u00f3n y la imputaci\u00f3n\ndirecta por haber sido parte y copart\u00edcipes en la din\u00e1mica de la conducta\ndesplegada, es decir, qui\u00e9n los intercept\u00f3, qui\u00e9n les pag\u00f3, que tambi\u00e9n deben\nser investigados, no nos vamos a quedar con lo b\u00e1sico porque la justicia no se\nda ni se debe recibir a medias tintas, como si sintieran que les hacen un favor\na las v\u00edctimas\u201d.<\/p>\n\n\n\n<p>\u201cFalta trabajo, hoy que estamos d\u00e1ndole\ncontenci\u00f3n a su familia, estamos buscando que todo se haga con perspectiva de\ng\u00e9nero y se deje de revictimizar a toda la familia, en especial a Mar\u00eda Elena,\nponerle cierta velocidad que merece el caso en las distintas \u00e1reas que se\ndesprenden y establecer la pauta para que se lleve a juicio esta\ninvestigaci\u00f3n\u201d, explic\u00f3.<\/p>\n\n\n\n<p>Reconoci\u00f3 que tambi\u00e9n hay\ninvestigaciones buenas y muestra de ello es que hay dos detenidos y vinculados\na proceso, sin embargo, como asesores jur\u00eddicos externos, buscan perfeccionar\ntodo de la mano de la FGEO.<\/p>\n\n\n\n<p>Esto es \u201cpara establecer la din\u00e1mica de\nparticipaci\u00f3n del autor intelectual y que se establezcan los desgloses y las\nimputaciones correctas para delitos diversos de los que fue v\u00edctima Mar\u00eda\nElena, por parte de este sujeto en el pasado\u201d, cuyos detalles se reserv\u00f3 por el\nmomento.<\/p>\n\n\n\n<p>Mencion\u00f3 que la colaboraci\u00f3n con la\nFiscal\u00eda y Vicefiscal\u00eda ha sido buena, las cuales han visto bien que se est\u00e9\npendiente del caso, solicitando la carpeta de investigaci\u00f3n, verificando\ndocumentos, aportando y redactando razonamientos para darle herramientas\njur\u00eddicas a la autoridad, y no se pide un buen trato, sino que cumplan con su\ntrabajo.<\/p>\n\n\n\n<figure class=\"wp-block-embed\"><div class=\"wp-block-embed__wrapper\">\nhttps:\/\/informativo6y7.mx\/piden-considerar-victima-directa-a-mama-de-saxofonista-imputarian-otros-delitos-al-autor-intelectual\/\n<\/div><\/figure>\n\n\n\n<p>(Publicado con la autorizaci\u00f3n de la\nautora del texto)<\/p>\n","protected":false},"excerpt":{"rendered":"<p>Nathalie G\u00f3mez\/Informativo\/6y7 Huajuapan de Le\u00f3n, Oax., 1 de febrero de 2020.- Dado que tambi\u00e9n sufri\u00f3&hellip;<\/p>\n","protected":false},"author":2,"featured_media":8315,"comment_status":"closed","ping_status":"open","sticky":false,"template":"","format":"standard","meta":{"_lmt_disableupdate":"","_lmt_disable":"","_jetpack_memberships_contains_paid_content":false,"footnotes":""},"categories":[109,47],"tags":[1124],"class_list":["post-8314","post","type-post","status-publish","format-standard","has-post-thumbnail","hentry","category-minuto-a-minuto","category-zona-gris","tag-maria-elena-rios-ortiz"],"jetpack_featured_media_url":"https:\/\/zonaroja.com.mx\/wp-content\/uploads\/2020\/02\/Abogada-caso-Mar\u00eda-Elena.jpg","jetpack_sharing_enabled":true,"_links":{"self":[{"href":"https:\/\/zonaroja.com.mx\/index.php?rest_route=\/wp\/v2\/posts\/8314","targetHints":{"allow":["GET"]}}],"collection":[{"href":"https:\/\/zonaroja.com.mx\/index.php?rest_route=\/wp\/v2\/posts"}],"about":[{"href":"https:\/\/zonaroja.com.mx\/index.php?rest_route=\/wp\/v2\/types\/post"}],"author":[{"embeddable":true,"href":"https:\/\/zonaroja.com.mx\/index.php?rest_route=\/wp\/v2\/users\/2"}],"replies":[{"embeddable":true,"href":"https:\/\/zonaroja.com.mx\/index.php?rest_route=%2Fwp%2Fv2%2Fcomments&post=8314"}],"version-history":[{"count":1,"href":"https:\/\/zonaroja.com.mx\/index.php?rest_route=\/wp\/v2\/posts\/8314\/revisions"}],"predecessor-version":[{"id":8316,"href":"https:\/\/zonaroja.com.mx\/index.php?rest_route=\/wp\/v2\/posts\/8314\/revisions\/8316"}],"wp:featuredmedia":[{"embeddable":true,"href":"https:\/\/zonaroja.com.mx\/index.php?rest_route=\/wp\/v2\/media\/8315"}],"wp:attachment":[{"href":"https:\/\/zonaroja.com.mx\/index.php?rest_route=%2Fwp%2Fv2%2Fmedia&parent=8314"}],"wp:term":[{"taxonomy":"category","embeddable":true,"href":"https:\/\/zonaroja.com.mx\/index.php?rest_route=%2Fwp%2Fv2%2Fcategories&post=8314"},{"taxonomy":"post_tag","embeddable":true,"href":"https:\/\/zonaroja.com.mx\/index.php?rest_route=%2Fwp%2Fv2%2Ftags&post=8314"}],"curies":[{"name":"wp","href":"https:\/\/api.w.org\/{rel}","templated":true}]}}