{"id":83150,"date":"2025-08-04T16:13:33","date_gmt":"2025-08-04T22:13:33","guid":{"rendered":"https:\/\/zonaroja.com.mx\/?p=83150"},"modified":"2025-08-04T16:13:33","modified_gmt":"2025-08-04T22:13:33","slug":"acumula-oaxaca-casi-5-mil-sismos-en-lo-que-va-del-ano-el-de-tlacolula-el-de-mayor-magnitud","status":"publish","type":"post","link":"https:\/\/zonaroja.com.mx\/?p=83150","title":{"rendered":"Acumula Oaxaca casi 5 mil sismos en lo que va del a\u00f1o; el de Tlacolula, el de mayor magnitud&nbsp;"},"content":{"rendered":"\n<p>Lisbeth Mej\u00eda Reyes\/Zona Roja.&nbsp;<\/p>\n\n\n\n<p>Oaxaca, Oax., a 4 de julio de 2025.- Con magnitudes entre los 1.5 y 5.9 grados, como el ocurrido el pasado 2 de agosto a 13 kil\u00f3metros al este de Tlacolula de Matamoros, el estado de Oaxaca acumula casi cinco mil sismos en lo que va del 2025.&nbsp;<\/p>\n\n\n\n<p>De acuerdo con el Servicio Sismol\u00f3gico Nacional, hasta la tarde de este 4 de agosto se hab\u00edan registrado 4 mil 958 sismos en el territorio oaxaque\u00f1o.<\/p>\n\n\n\n<p>Pero de estos, solamente cuatro han sido los de mayor intensidad: de cinco o m\u00e1s grados.&nbsp;<\/p>\n\n\n\n<p>Hasta ahora, el de Tlacolula es el de mayor intensidad, seg\u00fan el reporte del Servicio Sismol\u00f3gico Nacional, adscrito al Instituto de Geof\u00edsica de la Universidad Nacional Aut\u00f3noma de M\u00e9xico. El dato tambi\u00e9n fue confirmado por la Coordinaci\u00f3n Estatal de Protecci\u00f3n Civil y Gesti\u00f3n de Riesgos.<\/p>\n\n\n\n<p>Los dem\u00e1s movimientos considerados de mayor magnitud son: el del 1 de marzo a las 21:45 horas, con magnitud de 5 grados y a 45 kil\u00f3metros al sur de Salina Cruz; el del 5 de marzo, a las 3:43 horas, con magnitud de 5.4 grados, a 70 kil\u00f3metros al sur de Salina Cruz; el del 14 de marzo, a las 21:19 horas, con magnitud de 5.5 y localizado a 15 kil\u00f3metros al sureste de Tlaxiaco.<\/p>\n\n\n\n<p>\u00abSomos el primer generador de sismos en la rep\u00fablica y tambi\u00e9n tenemos una gran actividad de preparaci\u00f3n para este tipo de fen\u00f3menos\u00bb, pero tambi\u00e9n se requiere fortalecer las pol\u00edticas en materia de protecci\u00f3n civil, dijo este lunes Manuel Maza S\u00e1nchez, titular de la Coordinaci\u00f3n Estatal de Protecci\u00f3n Civil y Gesti\u00f3n de Riesgos.&nbsp;<\/p>\n\n\n\n<p>En conferencia de prensa del gobernador, desde San Juan Bautista Tuxtepec, Maza detall\u00f3 que el sismo de 5.9 grados ocurrido el pasado s\u00e1bado tuvo una duraci\u00f3n de 92 segundos (minuto y medio) y que en esa zona de Tlacolula ya se tienen antecedentes de 14 sismos ocurridos del 1 de enero a la fecha, que \u00aben su mayor\u00eda han sido mayores a 4 grados\u00bb. Pero que el del 2 de agosto es el evento s\u00edsmico m\u00e1s fuerte en los Valles Centrales suscitado en los \u00faltimos 125 a\u00f1os dentro de un radio de 50 kil\u00f3metros, y por lo cual est\u00e1 en estudio por el Servicio Sismol\u00f3gico Nacional.<\/p>\n\n\n\n<p>Maza tambi\u00e9n habl\u00f3 de la coincidencia de este sismo con uno registrado hace 57 a\u00f1os en Santiago Pinotepa Nacional, el mismo d\u00eda y casi a la misma hora.<\/p>\n\n\n\n<p>Sobre los da\u00f1os, explic\u00f3 que con excepci\u00f3n del adolescente lesionado por ladrillos en una construcci\u00f3n del centro hist\u00f3rico de la ciudad de Oaxaca no se reportaron v\u00edctimas fatales.<\/p>\n\n\n\n<p>Aunque s\u00ed algunos da\u00f1os principalmente en templos cat\u00f3licos. Por ejemplo, en San Felipe Neri, San Juan de Dios y el templo y ex convento de Nuestra Se\u00f1ora de las Nieves, en la capital oaxaque\u00f1a. Adem\u00e1s en los de San Mart\u00edn Tilcajete, Santa Cruz Papalutla, San Pablo Huixtepec y San Juan Comaltepec. \u00abEn su mayor\u00eda son grietas, fisuras y da\u00f1os en los aplanados\u00bb.<\/p>\n\n\n\n<p>Asimismo, da\u00f1os menores, pero que se tienen que atender, en el mercado 20 de Noviembre, de la ciudad de Oaxaca. Igualmente, da\u00f1os en bardas de otras calles de la ciudad como Divisi\u00f3n Oriente, J. P. Garc\u00eda, M\u00e1rtires de Tacubaya y en la barda del cuartel de la polic\u00eda municipal.<\/p>\n\n\n\n<p>Otras afectaciones fueron \u00ableves derrumbes\u00bb en el Cerro del Fort\u00edn, una fuga de gas en el mercado Cuarto Centenario, ca\u00edda de ventanales en la agencia San Mart\u00edn Mexic\u00e1pam, ca\u00edda de cables de alta tensi\u00f3n en Xoxocotl\u00e1n, da\u00f1os en el arco de acceso a San Pablo Huitzo y en el centro de salud de Ci\u00e9nega de Zimatl\u00e1n, entre otras.<\/p>\n","protected":false},"excerpt":{"rendered":"<p>Lisbeth Mej\u00eda Reyes\/Zona Roja.&nbsp; Oaxaca, Oax., a 4 de julio de 2025.- Con magnitudes entre&hellip;<\/p>\n","protected":false},"author":2,"featured_media":83149,"comment_status":"closed","ping_status":"open","sticky":false,"template":"","format":"standard","meta":{"_lmt_disableupdate":"","_lmt_disable":"","_jetpack_memberships_contains_paid_content":false,"footnotes":""},"categories":[109,47],"tags":[],"class_list":["post-83150","post","type-post","status-publish","format-standard","has-post-thumbnail","hentry","category-minuto-a-minuto","category-zona-gris"],"jetpack_featured_media_url":"https:\/\/zonaroja.com.mx\/wp-content\/uploads\/2025\/08\/e5208b28-f7dd-4da8-b845-7406628b3938.jpg","jetpack_sharing_enabled":true,"_links":{"self":[{"href":"https:\/\/zonaroja.com.mx\/index.php?rest_route=\/wp\/v2\/posts\/83150","targetHints":{"allow":["GET"]}}],"collection":[{"href":"https:\/\/zonaroja.com.mx\/index.php?rest_route=\/wp\/v2\/posts"}],"about":[{"href":"https:\/\/zonaroja.com.mx\/index.php?rest_route=\/wp\/v2\/types\/post"}],"author":[{"embeddable":true,"href":"https:\/\/zonaroja.com.mx\/index.php?rest_route=\/wp\/v2\/users\/2"}],"replies":[{"embeddable":true,"href":"https:\/\/zonaroja.com.mx\/index.php?rest_route=%2Fwp%2Fv2%2Fcomments&post=83150"}],"version-history":[{"count":1,"href":"https:\/\/zonaroja.com.mx\/index.php?rest_route=\/wp\/v2\/posts\/83150\/revisions"}],"predecessor-version":[{"id":83151,"href":"https:\/\/zonaroja.com.mx\/index.php?rest_route=\/wp\/v2\/posts\/83150\/revisions\/83151"}],"wp:featuredmedia":[{"embeddable":true,"href":"https:\/\/zonaroja.com.mx\/index.php?rest_route=\/wp\/v2\/media\/83149"}],"wp:attachment":[{"href":"https:\/\/zonaroja.com.mx\/index.php?rest_route=%2Fwp%2Fv2%2Fmedia&parent=83150"}],"wp:term":[{"taxonomy":"category","embeddable":true,"href":"https:\/\/zonaroja.com.mx\/index.php?rest_route=%2Fwp%2Fv2%2Fcategories&post=83150"},{"taxonomy":"post_tag","embeddable":true,"href":"https:\/\/zonaroja.com.mx\/index.php?rest_route=%2Fwp%2Fv2%2Ftags&post=83150"}],"curies":[{"name":"wp","href":"https:\/\/api.w.org\/{rel}","templated":true}]}}