{"id":83152,"date":"2025-08-04T19:58:47","date_gmt":"2025-08-05T01:58:47","guid":{"rendered":"https:\/\/zonaroja.com.mx\/?p=83152"},"modified":"2025-08-04T19:58:49","modified_gmt":"2025-08-05T01:58:49","slug":"inauguran-formalmente-hospital-de-tuxtepec-invirtieron-2300-mdp","status":"publish","type":"post","link":"https:\/\/zonaroja.com.mx\/?p=83152","title":{"rendered":"Inauguran formalmente hospital de Tuxtepec; invirtieron 2,300 mdp"},"content":{"rendered":"\n<p>Redacci\u00f3n\/Zona Roja.<\/p>\n\n\n\n<p>Oaxaca, Oax., a 4 de agosto de 2025.- Los gobiernos federal y estatal de Oaxaca inauguraron hoy formalmente el Hospital General IMSS-Bienestar de San Juan Bautista Tuxtepec, que requiri\u00f3 de una inversi\u00f3n aproximada a los dos mil 300 millones de pesos.<\/p>\n\n\n\n<p>\u201cHoy 4 de agosto hacemos cabal cumplimiento a su instrucci\u00f3n, se\u00f1ora Presidenta (Claudia Sheinbaum), con la inauguraci\u00f3n de este Hospital General que como sabemos representa un s\u00edmbolo de la recuperaci\u00f3n de lo p\u00fablico y de la justicia social en salud\u201d, inform\u00f3 el director general del IMSS Bienestar, Alejandro Svarch P\u00e9rez, desde el estado de Oaxaca.&nbsp;<\/p>\n\n\n\n<p>El nosocomio tuvo una inversi\u00f3n de dos mil 300 millones de pesos (mdp) y cuenta con 90 camas censables, 60 no censables, 46 especialistas contratados, tres quir\u00f3fanos, 25 consultorios de especialidades como pediatr\u00eda, cirug\u00eda, medicina interna, ginecolog\u00eda y obstetricia, traumatolog\u00eda, neurolog\u00eda, cardiolog\u00eda y psiquiatr\u00eda; adem\u00e1s del primer tom\u00f3grafo p\u00fablico para Tuxtepec y un mast\u00f3grafo digital.&nbsp;<\/p>\n\n\n\n<p>Por su parte, el gobernador de Oaxaca, Salom\u00f3n Jara Cruz, detall\u00f3 que este nuevo hospital va a beneficiar a un mill\u00f3n 200 mil personas de 109 municipios pertenecientes a Oaxaca y Veracruz.<\/p>\n\n\n\n<p>Con ello se consolida el sistema de salud p\u00fablica en el pa\u00eds y hoy es un compromiso cumplido por el Gobierno Federal y representa esperanza y dignidad al priorizar las necesidades de las y los habitantes de la Cuenca del Papaloapan, afirm\u00f3 Jara Cruz v\u00eda remota en la conferencia de prensa ante la mandataria del Ejecutivo federal.<\/p>\n\n\n\n<figure class=\"wp-block-embed is-type-rich is-provider-twitter wp-block-embed-twitter\"><div class=\"wp-block-embed__wrapper\">\n<div class=\"twitter-tweet\"><blockquote class=\"twitter-tweet\" data-lang=\"es\"><p lang=\"es\" dir=\"ltr\">En su conferencia matutina de este lunes y v\u00eda remota, la Presidenta de M\u00e9xico, <a href=\"https:\/\/twitter.com\/Claudiashein?ref_src=twsrc%5Etfw\">@Claudiashein<\/a>, inaugur\u00f3 el hospital IMSS-Bienestar en San Juan Bautista Tuxtepec, en cuyo municipio estuvo presente el gobernador de Oaxaca, <a href=\"https:\/\/twitter.com\/salomonj?ref_src=twsrc%5Etfw\">@salomonj<\/a>.<br>Estos son los mensajes que se emitieron: <a href=\"https:\/\/t.co\/rzYazh2ddE\">pic.twitter.com\/rzYazh2ddE<\/a><\/p>&mdash; Zona Roja Oaxaca (@ZonaRoja_Oaxaca) <a href=\"https:\/\/twitter.com\/ZonaRoja_Oaxaca\/status\/1952370292203925981?ref_src=twsrc%5Etfw\">4 de agosto de 2025<\/a><\/blockquote><\/div>\n<\/div><\/figure>\n\n\n\n<p>\u201cLa consolidaci\u00f3n del sistema de salud p\u00fablica en nuestro pa\u00eds es una de las grandes prioridades y sabemos que los gobiernos de la Cuarta Transformaci\u00f3n se concentran en seguir atendiendo los rezagos hist\u00f3ricos de la poblaci\u00f3n\u201d, sostuvo Jara Cruz.<\/p>\n\n\n\n<p>Asimismo, destac\u00f3 que este nosocomio pudo ser concretado por la venta del avi\u00f3n presidencial, adquirido en el sexenio 2012-2018, que representaba lujo y privilegio para una minor\u00eda.<\/p>\n\n\n\n<p>En esta primera fase, la poblaci\u00f3n tendr\u00e1 acceso a consultas externas, farmacia y \u00e1rea de imagenolog\u00eda. De manera adicional, se inaugur\u00f3 el primer tom\u00f3grafo en esta regi\u00f3n de la Cuenca del Papaloapan, as\u00ed como un mast\u00f3grafo digital.<\/p>\n\n\n\n<p>Para asegurar y garantizar que cada persona cuente con los servicios m\u00e9dicos que requieren, de forma paulatina se integrar\u00e1 la dem\u00e1s atenci\u00f3n.&nbsp;<\/p>\n\n\n\n<p>En su intervenci\u00f3n, el director general del IMSS-Bienestar, Alejandro Svarch P\u00e9rez inform\u00f3 que hoy se dio cabal cumplimiento a la instrucci\u00f3n de la Presidenta con la inauguraci\u00f3n de este hospital, que representa un s\u00edmbolo de la recuperaci\u00f3n de lo p\u00fablico y de la justicia social en salud.<\/p>\n\n\n\n<p>De manera posterior, el Gobierno Federal realizar\u00e1 una inversi\u00f3n hist\u00f3rica de tres mil millones de pesos para Oaxaca, que contempla la rehabilitaci\u00f3n de 61 quir\u00f3fanos de los 39 hospitales del estado para 2028.&nbsp;<\/p>\n\n\n\n<p>Mientras que, a partir de 2026 se iniciar\u00e1 un proceso de rehabilitaci\u00f3n de la red hospitalaria con diversas acciones estrat\u00e9gicas.<\/p>\n","protected":false},"excerpt":{"rendered":"<p>Redacci\u00f3n\/Zona Roja. Oaxaca, Oax., a 4 de agosto de 2025.- Los gobiernos federal y estatal&hellip;<\/p>\n","protected":false},"author":2,"featured_media":83153,"comment_status":"closed","ping_status":"open","sticky":false,"template":"","format":"standard","meta":{"_lmt_disableupdate":"","_lmt_disable":"","_jetpack_memberships_contains_paid_content":false,"footnotes":""},"categories":[109,46],"tags":[939],"class_list":["post-83152","post","type-post","status-publish","format-standard","has-post-thumbnail","hentry","category-minuto-a-minuto","category-zona-blanca","tag-salomon-jara-cruz"],"jetpack_featured_media_url":"https:\/\/zonaroja.com.mx\/wp-content\/uploads\/2025\/08\/Hospital-general-de-Tuxtepec.jpg","jetpack_sharing_enabled":true,"_links":{"self":[{"href":"https:\/\/zonaroja.com.mx\/index.php?rest_route=\/wp\/v2\/posts\/83152","targetHints":{"allow":["GET"]}}],"collection":[{"href":"https:\/\/zonaroja.com.mx\/index.php?rest_route=\/wp\/v2\/posts"}],"about":[{"href":"https:\/\/zonaroja.com.mx\/index.php?rest_route=\/wp\/v2\/types\/post"}],"author":[{"embeddable":true,"href":"https:\/\/zonaroja.com.mx\/index.php?rest_route=\/wp\/v2\/users\/2"}],"replies":[{"embeddable":true,"href":"https:\/\/zonaroja.com.mx\/index.php?rest_route=%2Fwp%2Fv2%2Fcomments&post=83152"}],"version-history":[{"count":1,"href":"https:\/\/zonaroja.com.mx\/index.php?rest_route=\/wp\/v2\/posts\/83152\/revisions"}],"predecessor-version":[{"id":83154,"href":"https:\/\/zonaroja.com.mx\/index.php?rest_route=\/wp\/v2\/posts\/83152\/revisions\/83154"}],"wp:featuredmedia":[{"embeddable":true,"href":"https:\/\/zonaroja.com.mx\/index.php?rest_route=\/wp\/v2\/media\/83153"}],"wp:attachment":[{"href":"https:\/\/zonaroja.com.mx\/index.php?rest_route=%2Fwp%2Fv2%2Fmedia&parent=83152"}],"wp:term":[{"taxonomy":"category","embeddable":true,"href":"https:\/\/zonaroja.com.mx\/index.php?rest_route=%2Fwp%2Fv2%2Fcategories&post=83152"},{"taxonomy":"post_tag","embeddable":true,"href":"https:\/\/zonaroja.com.mx\/index.php?rest_route=%2Fwp%2Fv2%2Ftags&post=83152"}],"curies":[{"name":"wp","href":"https:\/\/api.w.org\/{rel}","templated":true}]}}