{"id":83155,"date":"2025-08-04T20:27:18","date_gmt":"2025-08-05T02:27:18","guid":{"rendered":"https:\/\/zonaroja.com.mx\/?p=83155"},"modified":"2025-08-04T20:27:21","modified_gmt":"2025-08-05T02:27:21","slug":"disminucion-de-lluvias-en-algunas-regiones-de-mexico-podria-relacionarse-con-canicula","status":"publish","type":"post","link":"https:\/\/zonaroja.com.mx\/?p=83155","title":{"rendered":"Disminuci\u00f3n de lluvias\u00a0en algunas regiones de M\u00e9xico\u00a0podr\u00eda\u00a0relacionarse con can\u00edcula"},"content":{"rendered":"\n<p>Redacci\u00f3n\/Zona Roja Cdmx.<\/p>\n\n\n\n<p>Ciudad de M\u00e9xico, a 4 de agosto de 2025.- Desde la primera semana de julio, se ha observado una disminuci\u00f3n en los acumulados de lluvia en el oriente, sureste&nbsp;y sur de M\u00e9xico, as\u00ed como en algunas regiones costeras del occidente del pa\u00eds, lo cual podr\u00eda estar asociado con el fen\u00f3meno estacional conocido como can\u00edcula, se\u00f1al\u00f3 el Servicio Meteorol\u00f3gico Nacional (SMN), de la Comisi\u00f3n Nacional del Agua (Conagua).&nbsp;<\/p>\n\n\n\n<p>La can\u00edcula,&nbsp;sequ\u00eda de medio verano o sequ\u00eda&nbsp;intraestival&nbsp;es un fen\u00f3meno clim\u00e1tico&nbsp;anual&nbsp;que se registra&nbsp;en diversas regiones deM\u00e9xico y se caracteriza por una disminuci\u00f3n temporal en la nubosidad y las&nbsp;lluvias, lo que incrementa la sensaci\u00f3n t\u00e9rmica. Sin embargo, esto no implica que se&nbsp;observen&nbsp;las temperaturas m\u00e1s altas del a\u00f1o,&nbsp;lo que ocurre&nbsp;en mayo.<\/p>\n\n\n\n<p>Este fen\u00f3meno no&nbsp;es&nbsp;uniforme y su intensidad y duraci\u00f3n var\u00edan de una regi\u00f3n a otra. Se presenta con mayor frecuencia&nbsp;en algunas zonas del centro del pa\u00eds y&nbsp;las&nbsp;vertientes&nbsp;del&nbsp;oc\u00e9ano Pac\u00edfico y&nbsp;del&nbsp;golfo de M\u00e9xico, incluyendo la pen\u00ednsula de Yucat\u00e1n.&nbsp;&nbsp;<\/p>\n\n\n\n<p>Seg\u00fan mediciones del SMN, junio de 2025&nbsp;fue el&nbsp;mes&nbsp;m\u00e1s lluvioso&nbsp;desde 1941, con un super\u00e1vit de&nbsp;55.8 % respecto del promedio&nbsp;de&nbsp;1991&nbsp;a&nbsp;2020.&nbsp;En contraste, del 1 al 29 de julio, se&nbsp;ha registrado&nbsp;21 %&nbsp;menos lluvia&nbsp;a nivel nacional.<\/p>\n\n\n\n<p>El&nbsp;inicio, duraci\u00f3n e intensidad&nbsp;de la can\u00edcula&nbsp;var\u00eda&nbsp;anualmente; en algunas regiones puede comenzar desde junio, extenderse hasta septiembre o&nbsp;no presentarse. Para determinar con precisi\u00f3n&nbsp;estas&nbsp;fechas, es indispensable esperar el&nbsp;fin&nbsp;de la temporada de lluvias&nbsp;y su&nbsp;monitoreo contribuye a una mejor planificaci\u00f3n en sectores clave como la agricultura, la salud p\u00fablica y la gesti\u00f3n h\u00eddrica.<\/p>\n\n\n\n<p>Para saber m\u00e1s sobre las lluvias&nbsp;y su comportamiento,&nbsp;se puede consultar&nbsp;las p\u00e1ginas www.gob.mx\/conagua y https:\/\/smn.conagua.gob.mx, en las cuentas de X @conagua_mx&nbsp;y @conagua_clima, y de Facebook www.facebook.com\/conaguamx.<\/p>\n","protected":false},"excerpt":{"rendered":"<p>Redacci\u00f3n\/Zona Roja Cdmx. Ciudad de M\u00e9xico, a 4 de agosto de 2025.- Desde la primera&hellip;<\/p>\n","protected":false},"author":2,"featured_media":83156,"comment_status":"closed","ping_status":"open","sticky":false,"template":"","format":"standard","meta":{"_lmt_disableupdate":"","_lmt_disable":"","_jetpack_memberships_contains_paid_content":false,"footnotes":""},"categories":[109,46],"tags":[3616],"class_list":["post-83155","post","type-post","status-publish","format-standard","has-post-thumbnail","hentry","category-minuto-a-minuto","category-zona-blanca","tag-canicula-en-mexico"],"jetpack_featured_media_url":"https:\/\/zonaroja.com.mx\/wp-content\/uploads\/2025\/08\/Canicula-Mexico.jpg","jetpack_sharing_enabled":true,"_links":{"self":[{"href":"https:\/\/zonaroja.com.mx\/index.php?rest_route=\/wp\/v2\/posts\/83155","targetHints":{"allow":["GET"]}}],"collection":[{"href":"https:\/\/zonaroja.com.mx\/index.php?rest_route=\/wp\/v2\/posts"}],"about":[{"href":"https:\/\/zonaroja.com.mx\/index.php?rest_route=\/wp\/v2\/types\/post"}],"author":[{"embeddable":true,"href":"https:\/\/zonaroja.com.mx\/index.php?rest_route=\/wp\/v2\/users\/2"}],"replies":[{"embeddable":true,"href":"https:\/\/zonaroja.com.mx\/index.php?rest_route=%2Fwp%2Fv2%2Fcomments&post=83155"}],"version-history":[{"count":1,"href":"https:\/\/zonaroja.com.mx\/index.php?rest_route=\/wp\/v2\/posts\/83155\/revisions"}],"predecessor-version":[{"id":83157,"href":"https:\/\/zonaroja.com.mx\/index.php?rest_route=\/wp\/v2\/posts\/83155\/revisions\/83157"}],"wp:featuredmedia":[{"embeddable":true,"href":"https:\/\/zonaroja.com.mx\/index.php?rest_route=\/wp\/v2\/media\/83156"}],"wp:attachment":[{"href":"https:\/\/zonaroja.com.mx\/index.php?rest_route=%2Fwp%2Fv2%2Fmedia&parent=83155"}],"wp:term":[{"taxonomy":"category","embeddable":true,"href":"https:\/\/zonaroja.com.mx\/index.php?rest_route=%2Fwp%2Fv2%2Fcategories&post=83155"},{"taxonomy":"post_tag","embeddable":true,"href":"https:\/\/zonaroja.com.mx\/index.php?rest_route=%2Fwp%2Fv2%2Ftags&post=83155"}],"curies":[{"name":"wp","href":"https:\/\/api.w.org\/{rel}","templated":true}]}}