{"id":83158,"date":"2025-08-04T21:45:00","date_gmt":"2025-08-05T03:45:00","guid":{"rendered":"https:\/\/zonaroja.com.mx\/?p=83158"},"modified":"2025-08-04T21:15:20","modified_gmt":"2025-08-05T03:15:20","slug":"conmemoran-35-aniversario-de-la-policia-municipal-de-oaxaca-capital","status":"publish","type":"post","link":"https:\/\/zonaroja.com.mx\/?p=83158","title":{"rendered":"Conmemoran 35 aniversario de la polic\u00eda municipal de Oaxaca capital"},"content":{"rendered":"\n<p>Redacci\u00f3n\/Zona Roja.<\/p>\n\n\n\n<p>Oaxaca, Oax., a 4 de agosto de 2025.- Con motivo del 35 aniversario de la creaci\u00f3n de la Polic\u00eda Municipal de Oaxaca de Ju\u00e1rez, el presidente Ray Chagoya encabez\u00f3 la ceremonia conmemorativa donde se reconoci\u00f3 la labor y compromiso de mujeres y hombres que, d\u00eda a d\u00eda, protegen a la ciudadan\u00eda.<\/p>\n\n\n\n<p>Durante el acto, el secretario de Seguridad y Protecci\u00f3n Ciudadana, Claudio de Jes\u00fas P\u00e9rez y P\u00e9rez, destac\u00f3 la evoluci\u00f3n de la corporaci\u00f3n, que inici\u00f3 labores en 1990 con apenas 50 elementos y hoy avanza con una nueva visi\u00f3n basada en la proximidad social, el respeto a los derechos humanos y el uso profesional de la fuerza.<\/p>\n\n\n\n<p>Gracias al liderazgo del presidente Ray Chagoya, se rompi\u00f3 una inercia de m\u00e1s de 20 a\u00f1os sin renovaci\u00f3n operativa, autorizando convocatorias para la incorporaci\u00f3n de nuevos elementos, mejoras salariales, adquisici\u00f3n de nuevas patrullas y la rehabilitaci\u00f3n de m\u00f3dulos m\u00f3viles. Todo esto, con el objetivo de reducir los tiempos de respuesta y brindar mayor cobertura en zonas prioritarias.<\/p>\n\n\n\n<p>En coordinaci\u00f3n con autoridades estatales, se logr\u00f3 tambi\u00e9n la instalaci\u00f3n de nuevos puntos de videovigilancia estrat\u00e9gicos y se moderniz\u00f3 el centro de control y comando C2, lo que ha permitido resultados relevantes en materia de prevenci\u00f3n y detenci\u00f3n de personas involucradas en actos delictivos.<\/p>\n\n\n\n<p>Por su parte, el edil de la capital Ray Chagoya, ante el secretario de Seguridad y Protecci\u00f3n Ciudadana del Gobierno del Estado, Iv\u00e1n Garc\u00eda \u00c1lvarez, refrend\u00f3 su compromiso con una polic\u00eda cercana, capacitada y equipada, que contribuya a garantizar la seguridad y tranquilidad de vecinas y vecinos, y que permita continuar con saldo blanco en eventos masivos y tur\u00edsticos, como los realizados durante el mes de julio en el marco de la Guelaguetza.<\/p>\n\n\n\n<p>La actual administraci\u00f3n trabaja para consolidar una Secretar\u00eda de Seguridad Municipal confiable, profesional y vinculada con la ciudadan\u00eda, enfocada en tres ejes: respeto a los derechos humanos, proximidad social y eficiencia operativa.<\/p>\n","protected":false},"excerpt":{"rendered":"<p>Redacci\u00f3n\/Zona Roja. Oaxaca, Oax., a 4 de agosto de 2025.- Con motivo del 35 aniversario&hellip;<\/p>\n","protected":false},"author":2,"featured_media":83159,"comment_status":"closed","ping_status":"open","sticky":false,"template":"","format":"standard","meta":{"_lmt_disableupdate":"","_lmt_disable":"","_jetpack_memberships_contains_paid_content":false,"footnotes":""},"categories":[109,46],"tags":[148,4142],"class_list":["post-83158","post","type-post","status-publish","format-standard","has-post-thumbnail","hentry","category-minuto-a-minuto","category-zona-blanca","tag-oaxaca-de-juarez","tag-raymundo-chagoya"],"jetpack_featured_media_url":"https:\/\/zonaroja.com.mx\/wp-content\/uploads\/2025\/08\/Ray-Chagoya-aniversario-policia-municipan.jpeg","jetpack_sharing_enabled":true,"_links":{"self":[{"href":"https:\/\/zonaroja.com.mx\/index.php?rest_route=\/wp\/v2\/posts\/83158","targetHints":{"allow":["GET"]}}],"collection":[{"href":"https:\/\/zonaroja.com.mx\/index.php?rest_route=\/wp\/v2\/posts"}],"about":[{"href":"https:\/\/zonaroja.com.mx\/index.php?rest_route=\/wp\/v2\/types\/post"}],"author":[{"embeddable":true,"href":"https:\/\/zonaroja.com.mx\/index.php?rest_route=\/wp\/v2\/users\/2"}],"replies":[{"embeddable":true,"href":"https:\/\/zonaroja.com.mx\/index.php?rest_route=%2Fwp%2Fv2%2Fcomments&post=83158"}],"version-history":[{"count":1,"href":"https:\/\/zonaroja.com.mx\/index.php?rest_route=\/wp\/v2\/posts\/83158\/revisions"}],"predecessor-version":[{"id":83160,"href":"https:\/\/zonaroja.com.mx\/index.php?rest_route=\/wp\/v2\/posts\/83158\/revisions\/83160"}],"wp:featuredmedia":[{"embeddable":true,"href":"https:\/\/zonaroja.com.mx\/index.php?rest_route=\/wp\/v2\/media\/83159"}],"wp:attachment":[{"href":"https:\/\/zonaroja.com.mx\/index.php?rest_route=%2Fwp%2Fv2%2Fmedia&parent=83158"}],"wp:term":[{"taxonomy":"category","embeddable":true,"href":"https:\/\/zonaroja.com.mx\/index.php?rest_route=%2Fwp%2Fv2%2Fcategories&post=83158"},{"taxonomy":"post_tag","embeddable":true,"href":"https:\/\/zonaroja.com.mx\/index.php?rest_route=%2Fwp%2Fv2%2Ftags&post=83158"}],"curies":[{"name":"wp","href":"https:\/\/api.w.org\/{rel}","templated":true}]}}