{"id":83161,"date":"2025-08-04T21:18:34","date_gmt":"2025-08-05T03:18:34","guid":{"rendered":"https:\/\/zonaroja.com.mx\/?p=83161"},"modified":"2025-08-04T21:18:36","modified_gmt":"2025-08-05T03:18:36","slug":"recibe-congreso-del-estado-informe-anual-2024-del-ieepco","status":"publish","type":"post","link":"https:\/\/zonaroja.com.mx\/?p=83161","title":{"rendered":"Recibe Congreso del Estado Informe Anual 2024 del IEEPCO"},"content":{"rendered":"\n<p>Redacci\u00f3n\/Zona Roja.<\/p>\n\n\n\n<p>Oaxaca, Oax., a 4 de agosto de 2025.- El Congreso del Estado de Oaxaca, a trav\u00e9s de la Junta de Coordinaci\u00f3n Pol\u00edtica (Jucopo) y la Comisi\u00f3n Permanente de Vigilancia del Sistema Estatal de Combate a la Corrupci\u00f3n, recibi\u00f3 el Informe Anual de Resultados correspondiente al Ejercicio Fiscal 2024 del Instituto Estatal Electoral y de Participaci\u00f3n Ciudadana de Oaxaca (IEEPCO), por parte de la titular de la Contralor\u00eda General de este organismo, Rosa Elia V\u00e1squez Flores.<\/p>\n\n\n\n<p>Lo anterior, en cumplimiento a lo establecido en los art\u00edculos 46 fracci\u00f3n cuarta, 71, 75 y 76 de la Ley de Instituciones y Procedimientos Electorales del Estado de Oaxaca.<\/p>\n\n\n\n<p>El acto fue encabezado por el presidente de la Jucopo, diputado Benjam\u00edn Viveros Montalvo, y la presidenta del \u00f3rgano legislativo competente, diputada Vanessa Rub\u00ed Ojeda Mej\u00eda.<\/p>\n\n\n\n<p>Durante su intervenci\u00f3n, la Contralora General del IEEPCO dio a conocer las actividades del Programa Anual de Trabajo 2024, realizadas para cumplir a cabalidad las funciones encomendadas legalmente, contribuir a la construcci\u00f3n y fortalecimiento del sistema estatal y nacional anticorrupci\u00f3n, la instauraci\u00f3n de la presentaci\u00f3n de denuncias en l\u00ednea, as\u00ed como el seguimiento y verificaci\u00f3n al proceso electoral 2023-2024.<\/p>\n\n\n\n<p>Tambi\u00e9n destac\u00f3 la vigilancia del \u00f3ptimo funcionamiento del Programa de Resultados Electorales Preliminares (PREP), la erradicaci\u00f3n de 43 expedientes de investigaciones administrativas derivados de denuncias o vistas, la presentaci\u00f3n de dos informes de presunta responsabilidad administrativa, la intervenci\u00f3n en 16 procedimientos para el desahogo de las responsabilidades administrativas, adem\u00e1s de los recursos financieros, humanos y materiales, administrados y ejercidos por esta instancia.<\/p>\n\n\n\n<p>Por su parte, el Presidente de la Jucopo extern\u00f3 la importancia de la rendici\u00f3n de cuentas, ya que responde a una obligaci\u00f3n institucional y se fortalece uno de los pilares fundamentales del ejercicio p\u00fablico: la transparencia como la herramienta de justicia y la fiscalizaci\u00f3n como un acto de dignidad republicana.<\/p>\n\n\n\n<p>\u201cEl uso de los recursos p\u00fablicos exige responsabilidad administrativa, eficiencia, operatividad y respeto por los principios que rigen al servicio p\u00fablico. Cada procedimiento debe reflejar el compromiso con la ciudadan\u00eda y con los valores democr\u00e1ticos, que sustentan nuestra vida institucional\u201d, sostuvo.<\/p>\n\n\n\n<p>Se\u00f1al\u00f3 que, las instituciones est\u00e1n llamadas a actuar con firmeza, transparencia y apego a la legalidad, de ah\u00ed que este tipo de informes son parte fundamental de la rendici\u00f3n de cuentas y del ejercicio sustantivo que permite evaluar, corregir y mejorar el desempe\u00f1o.<\/p>\n\n\n\n<p>En este mismo sentido se pronunciaron quienes integran el \u00f3rgano legislativo de Vigilancia del Sistema Estatal de Combate a la Corrupci\u00f3n, la diputada presidenta Vanessa Rub\u00ed Ojeda Mej\u00eda; la legisladora Mar\u00eda Eulalia Velasco Ram\u00edrez y el congresista Isa\u00edas Carranza Secundino, quienes manifestaron el compromiso por fortalecer los mecanismos de control y vigilancia dentro del sistema estatal de combate a la corrupci\u00f3n.<\/p>\n\n\n\n<p>Se cont\u00f3 con la presencia de las y los representantes populares, tal es el caso de Tania L\u00f3pez L\u00f3pez, Mar\u00eda Francisca Antonio Santiago, M\u00f3nica Bel\u00e9n L\u00f3pez Javier, Cecilia Olivia Cruz Merl\u00edn, Dennis Garc\u00eda Guti\u00e9rrez, Analy Peral Vivar y C\u00e9sar David Mateos Ben\u00edtez.<\/p>\n","protected":false},"excerpt":{"rendered":"<p>Redacci\u00f3n\/Zona Roja. Oaxaca, Oax., a 4 de agosto de 2025.- El Congreso del Estado de&hellip;<\/p>\n","protected":false},"author":2,"featured_media":83162,"comment_status":"closed","ping_status":"open","sticky":false,"template":"","format":"standard","meta":{"_lmt_disableupdate":"","_lmt_disable":"","_jetpack_memberships_contains_paid_content":false,"footnotes":""},"categories":[109,46],"tags":[303],"class_list":["post-83161","post","type-post","status-publish","format-standard","has-post-thumbnail","hentry","category-minuto-a-minuto","category-zona-blanca","tag-congreso-del-estado-de-oaxaca"],"jetpack_featured_media_url":"https:\/\/zonaroja.com.mx\/wp-content\/uploads\/2025\/08\/Recibe-Congreso-Oax-Informe-del-IEEPCO_.jpeg","jetpack_sharing_enabled":true,"_links":{"self":[{"href":"https:\/\/zonaroja.com.mx\/index.php?rest_route=\/wp\/v2\/posts\/83161","targetHints":{"allow":["GET"]}}],"collection":[{"href":"https:\/\/zonaroja.com.mx\/index.php?rest_route=\/wp\/v2\/posts"}],"about":[{"href":"https:\/\/zonaroja.com.mx\/index.php?rest_route=\/wp\/v2\/types\/post"}],"author":[{"embeddable":true,"href":"https:\/\/zonaroja.com.mx\/index.php?rest_route=\/wp\/v2\/users\/2"}],"replies":[{"embeddable":true,"href":"https:\/\/zonaroja.com.mx\/index.php?rest_route=%2Fwp%2Fv2%2Fcomments&post=83161"}],"version-history":[{"count":1,"href":"https:\/\/zonaroja.com.mx\/index.php?rest_route=\/wp\/v2\/posts\/83161\/revisions"}],"predecessor-version":[{"id":83163,"href":"https:\/\/zonaroja.com.mx\/index.php?rest_route=\/wp\/v2\/posts\/83161\/revisions\/83163"}],"wp:featuredmedia":[{"embeddable":true,"href":"https:\/\/zonaroja.com.mx\/index.php?rest_route=\/wp\/v2\/media\/83162"}],"wp:attachment":[{"href":"https:\/\/zonaroja.com.mx\/index.php?rest_route=%2Fwp%2Fv2%2Fmedia&parent=83161"}],"wp:term":[{"taxonomy":"category","embeddable":true,"href":"https:\/\/zonaroja.com.mx\/index.php?rest_route=%2Fwp%2Fv2%2Fcategories&post=83161"},{"taxonomy":"post_tag","embeddable":true,"href":"https:\/\/zonaroja.com.mx\/index.php?rest_route=%2Fwp%2Fv2%2Ftags&post=83161"}],"curies":[{"name":"wp","href":"https:\/\/api.w.org\/{rel}","templated":true}]}}