{"id":83164,"date":"2025-08-05T07:15:00","date_gmt":"2025-08-05T13:15:00","guid":{"rendered":"https:\/\/zonaroja.com.mx\/?p=83164"},"modified":"2025-08-05T06:29:57","modified_gmt":"2025-08-05T12:29:57","slug":"recupera-fiscalia-inmueble-para-victimas-de-despojo-hay-detenidos","status":"publish","type":"post","link":"https:\/\/zonaroja.com.mx\/?p=83164","title":{"rendered":"Recupera Fiscal\u00eda inmueble para v\u00edctimas de despojo; hay detenidos"},"content":{"rendered":"\n<p>Redacci\u00f3n\/Zona Roja.&nbsp;<\/p>\n\n\n\n<p>Oaxaca, Oax., a 5 de agosto de 2025.- Como parte de las acciones en atenci\u00f3n a delitos patrimoniales, la Fiscal\u00eda General del Estado de Oaxaca (FGEO) obtuvo auto de vinculaci\u00f3n a proceso en contra de cinco personas, tres hombres identificados como V.G.R., J.P.V., y U.D.A., y dos mujeres C.B.C.P. y M.D.A., imputados por el delito de despojo agravado cometido en agravio de cuatro personas en el municipio de San Francisco Telixtlahuaca perteneciente a los Valles Centrales.<\/p>\n\n\n\n<p>De acuerdo con el expediente penal, los hechos ocurrieron el d\u00eda 3 de diciembre de 2024, cuando las y los imputados junto con otras personas ingresaron de manera ilegal a un domicilio ubicado en la calle Morelos de San Francisco Telixtlahuaca, en el Valle de Etla, donde amenazaron a las v\u00edctimas (due\u00f1as del inmueble), posteriormente las sacaron con violencia de la propiedad de la cual tomaron posesi\u00f3n de manera irregular.<\/p>\n\n\n\n<p>Derivado de los hechos y, tras la denuncia interpuesta ante la FGEO, se iniciaron las investigaciones ministeriales correspondientes a trav\u00e9s de la Vicefiscal\u00eda General de Control Regional que reuni\u00f3 las pruebas suficientes gracias a las cuales se obtuvieron \u00f3rdenes de aprehensi\u00f3n, que fueron efectuadas por elementos de la Agencia Estatal de Investigaciones (AEI) quienes presentaron a los imputados ante la autoridad competente.&nbsp;<\/p>\n\n\n\n<p>Tras el desahogo de pruebas aportadas por la FGEO y valoradas en audiencia, el Juez que atiende la causa dict\u00f3 auto de vinculaci\u00f3n a proceso en contra de V.G.R., J.P.V., U.D.A., C.B.C.P. y M.D.A., por el delito de despojo agravado, concediendo tres meses para el cierre de la investigaci\u00f3n complementaria, adem\u00e1s orden\u00f3 la restituci\u00f3n del inmueble en favor de las v\u00edctimas.<\/p>\n\n\n\n<p>Para la Fiscal\u00eda de Oaxaca, la atenci\u00f3n a casos por delitos patrimoniales es prioritaria para que las v\u00edctimas tengan acceso pleno a la justicia y, como parte de ese proceso, se logre la reparaci\u00f3n del da\u00f1o a su favor.<\/p>\n","protected":false},"excerpt":{"rendered":"<p>Redacci\u00f3n\/Zona Roja.&nbsp; Oaxaca, Oax., a 5 de agosto de 2025.- Como parte de las acciones&hellip;<\/p>\n","protected":false},"author":2,"featured_media":83167,"comment_status":"closed","ping_status":"open","sticky":false,"template":"","format":"standard","meta":{"_lmt_disableupdate":"","_lmt_disable":"","_jetpack_memberships_contains_paid_content":false,"footnotes":""},"categories":[109,46],"tags":[494],"class_list":["post-83164","post","type-post","status-publish","format-standard","has-post-thumbnail","hentry","category-minuto-a-minuto","category-zona-blanca","tag-fiscalia-general-del-estado-de-oaxaca"],"jetpack_featured_media_url":"https:\/\/zonaroja.com.mx\/wp-content\/uploads\/2025\/08\/Despojo-Fiscalia-Telixtlahuaca.jpeg","jetpack_sharing_enabled":true,"_links":{"self":[{"href":"https:\/\/zonaroja.com.mx\/index.php?rest_route=\/wp\/v2\/posts\/83164","targetHints":{"allow":["GET"]}}],"collection":[{"href":"https:\/\/zonaroja.com.mx\/index.php?rest_route=\/wp\/v2\/posts"}],"about":[{"href":"https:\/\/zonaroja.com.mx\/index.php?rest_route=\/wp\/v2\/types\/post"}],"author":[{"embeddable":true,"href":"https:\/\/zonaroja.com.mx\/index.php?rest_route=\/wp\/v2\/users\/2"}],"replies":[{"embeddable":true,"href":"https:\/\/zonaroja.com.mx\/index.php?rest_route=%2Fwp%2Fv2%2Fcomments&post=83164"}],"version-history":[{"count":1,"href":"https:\/\/zonaroja.com.mx\/index.php?rest_route=\/wp\/v2\/posts\/83164\/revisions"}],"predecessor-version":[{"id":83168,"href":"https:\/\/zonaroja.com.mx\/index.php?rest_route=\/wp\/v2\/posts\/83164\/revisions\/83168"}],"wp:featuredmedia":[{"embeddable":true,"href":"https:\/\/zonaroja.com.mx\/index.php?rest_route=\/wp\/v2\/media\/83167"}],"wp:attachment":[{"href":"https:\/\/zonaroja.com.mx\/index.php?rest_route=%2Fwp%2Fv2%2Fmedia&parent=83164"}],"wp:term":[{"taxonomy":"category","embeddable":true,"href":"https:\/\/zonaroja.com.mx\/index.php?rest_route=%2Fwp%2Fv2%2Fcategories&post=83164"},{"taxonomy":"post_tag","embeddable":true,"href":"https:\/\/zonaroja.com.mx\/index.php?rest_route=%2Fwp%2Fv2%2Ftags&post=83164"}],"curies":[{"name":"wp","href":"https:\/\/api.w.org\/{rel}","templated":true}]}}