{"id":83169,"date":"2025-08-05T08:00:00","date_gmt":"2025-08-05T14:00:00","guid":{"rendered":"https:\/\/zonaroja.com.mx\/?p=83169"},"modified":"2025-08-05T06:35:31","modified_gmt":"2025-08-05T12:35:31","slug":"escala-violencia-criminal-en-tamaulipas-veracruz-qr-y-guanajuato","status":"publish","type":"post","link":"https:\/\/zonaroja.com.mx\/?p=83169","title":{"rendered":"Escala violencia criminal en Tamaulipas, Veracruz, QR y Guanajuato"},"content":{"rendered":"\n<p>Redacci\u00f3n\/Zona Roja Cdmx.<\/p>\n\n\n\n<p>Ciudad de M\u00e9xico, a 5 de agosto de 2025.- Ernesto V\u00e1zquez Reyna, delegado de la Fiscal\u00eda General de la Rep\u00fablica en Tamaulipas, muri\u00f3 luego de ser atacado ayer con granadas, cuando circulaba en su camioneta, informaron fuentes policiacas.<\/p>\n\n\n\n<p>Seg\u00fan un video difundido en las redes sociales, el funcionario federal alcanz\u00f3 a bajar pero falleci\u00f3 instantes despu\u00e9s.<\/p>\n\n\n\n<p>El atentado ocurri\u00f3 en la avenida Hidalgo de Reynosa, frente al hotel \u201cEngrei\u201d, pasadas las 19:00 horas. En el video se observa que V\u00e1zquez Reyna baj\u00f3 de la unidad cae al lado de la camioneta, pero llegan sujetos en camioneta blanca y le disparan remat\u00e1ndolo.<\/p>\n\n\n\n<p>La Fiscal\u00eda General de Justicia de Tamaulipas inform\u00f3 en redes sociales que ya establecieron coordinaci\u00f3n con la FGR \u201cpara colaborar en las investigaciones de los hechos en que perdiera la vida una persona presumiblemente servidor p\u00fablico federal, cuyo veh\u00edculo se incendi\u00f3 en el bulevar Hidalgo en #Reynosa, #Tamaulipas\u201d.<\/p>\n\n\n\n<p>EN VERACRUZ<\/p>\n\n\n\n<p>Por otra parte, cuerpos desmembrados fueron abandonados en bolsas negras en la carretera Poza Rica-Cazones, a la altura del kil\u00f3metro 180, durante la ma\u00f1ana de este lunes 4 de agosto.<\/p>\n\n\n\n<p>En las cercan\u00edas tambi\u00e9n fue dejada al menos una lona con mensajes propios de la delincuencia organizada donde amenazan a otros grupos criminales que presuntamente operan en la zona.<\/p>\n\n\n\n<p>Al lugar de los hechos arribaron elementos de la Secretar\u00eda de Seguridad P\u00fablica, y de otras dependencias de seguridad, las cuales acordonaron el \u00e1rea y cerraron la circulaci\u00f3n sobre dicho tramo carretero.<\/p>\n\n\n\n<p>Asimismo, se present\u00f3 personal de la Fiscal\u00eda General del Estado (FGE) de Veracruz, para realizar el levantamiento de los cuerpos y recabar los indicios necesarios para iniciar una carpeta de investigaci\u00f3n.<\/p>\n\n\n\n<p>Cabe recordar que en fechas recientes el norte del estado de Veracruz se ha visto enmarcado por m\u00faltiples hechos de violencia que generan preocupaci\u00f3n y zozobra entre la poblaci\u00f3n.<\/p>\n\n\n\n<p>EN QUINTANA ROO<\/p>\n\n\n\n<p>Mario Machuca S\u00e1nchez, l\u00edder sindical de la Confederaci\u00f3n Revolucionaria de Obreros y Campesinos (CROC), fue asesinado la tarde de ayer en el estacionamiento de una agencia de autom\u00f3viles. El dirigente recibi\u00f3 disparos mientras se encontraba a bordo de su camioneta.&nbsp;<\/p>\n\n\n\n<p>Seg\u00fan los primeros reportes, los presuntos agresores se disfrazaron de repartidores de comida de la plataforma digital Uber Eats.<\/p>\n\n\n\n<p>La Fiscal\u00eda General del Estado (FGE) investiga el homicidio del l\u00edder sindical, quien perdi\u00f3 la vida en el interior de su veh\u00edculo, una Chevrolet Tahoe 2024.&nbsp;<\/p>\n\n\n\n<p>De acuerdo con las indagatorias iniciales, los atacantes viajaban en una motocicleta y uno de ellos llevaba una mochila de comida r\u00e1pida. Los sujetos dispararon contra la camioneta, que estaba estacionada en la SM 42.<\/p>\n\n\n\n<p>EN GUANAJUATO<\/p>\n\n\n\n<p>La Fiscal\u00eda General del Estado de Guanajuato inform\u00f3 que ha localizado los cuerpos de 32 personas en una fosa clandestina localizada en la comunidad La Calera.<\/p>\n\n\n\n<p>Asimismo, revel\u00f3 que 15 de ellas, ya han sido plenamente identificadas de forma legal y cient\u00edfica.<\/p>\n\n\n\n<p>El pasado jueves, la Fiscal\u00eda General del Estado de Guanajuato realiz\u00f3 un cateo en una finca usada como forrajera; ubicada en la calle Galeana de la comunidad La Calera.<\/p>\n\n\n\n<p>Desde ese momento, el inmueble fue resguardado por elementos de las Fuerzas de Seguridad P\u00fablica del Estado (FSPE), de la Fiscal\u00eda y de la Polic\u00eda Municipal, as\u00ed como por la Unidad de Identificaci\u00f3n de Personas Fallecidas, quienes tardaron varios d\u00edas en terminar su trabajo derivado de la fragmentaci\u00f3n de los restos humanos.<\/p>\n\n\n\n<p>(Informaci\u00f3n de \u201cLa Jornada\u201d)<\/p>\n","protected":false},"excerpt":{"rendered":"<p>Redacci\u00f3n\/Zona Roja Cdmx. Ciudad de M\u00e9xico, a 5 de agosto de 2025.- Ernesto V\u00e1zquez Reyna,&hellip;<\/p>\n","protected":false},"author":2,"featured_media":83170,"comment_status":"closed","ping_status":"open","sticky":false,"template":"","format":"standard","meta":{"_lmt_disableupdate":"","_lmt_disable":"","_jetpack_memberships_contains_paid_content":false,"footnotes":""},"categories":[109,51],"tags":[4388,4180],"class_list":["post-83169","post","type-post","status-publish","format-standard","has-post-thumbnail","hentry","category-minuto-a-minuto","category-zona-roja","tag-ernesto-vasquez-reyna","tag-violencia-en-tamaulipas"],"jetpack_featured_media_url":"https:\/\/zonaroja.com.mx\/wp-content\/uploads\/2025\/08\/Delegado-FG-Tamaulipas-asesinado.webp","jetpack_sharing_enabled":true,"_links":{"self":[{"href":"https:\/\/zonaroja.com.mx\/index.php?rest_route=\/wp\/v2\/posts\/83169","targetHints":{"allow":["GET"]}}],"collection":[{"href":"https:\/\/zonaroja.com.mx\/index.php?rest_route=\/wp\/v2\/posts"}],"about":[{"href":"https:\/\/zonaroja.com.mx\/index.php?rest_route=\/wp\/v2\/types\/post"}],"author":[{"embeddable":true,"href":"https:\/\/zonaroja.com.mx\/index.php?rest_route=\/wp\/v2\/users\/2"}],"replies":[{"embeddable":true,"href":"https:\/\/zonaroja.com.mx\/index.php?rest_route=%2Fwp%2Fv2%2Fcomments&post=83169"}],"version-history":[{"count":1,"href":"https:\/\/zonaroja.com.mx\/index.php?rest_route=\/wp\/v2\/posts\/83169\/revisions"}],"predecessor-version":[{"id":83171,"href":"https:\/\/zonaroja.com.mx\/index.php?rest_route=\/wp\/v2\/posts\/83169\/revisions\/83171"}],"wp:featuredmedia":[{"embeddable":true,"href":"https:\/\/zonaroja.com.mx\/index.php?rest_route=\/wp\/v2\/media\/83170"}],"wp:attachment":[{"href":"https:\/\/zonaroja.com.mx\/index.php?rest_route=%2Fwp%2Fv2%2Fmedia&parent=83169"}],"wp:term":[{"taxonomy":"category","embeddable":true,"href":"https:\/\/zonaroja.com.mx\/index.php?rest_route=%2Fwp%2Fv2%2Fcategories&post=83169"},{"taxonomy":"post_tag","embeddable":true,"href":"https:\/\/zonaroja.com.mx\/index.php?rest_route=%2Fwp%2Fv2%2Ftags&post=83169"}],"curies":[{"name":"wp","href":"https:\/\/api.w.org\/{rel}","templated":true}]}}