{"id":8317,"date":"2020-02-02T07:22:56","date_gmt":"2020-02-02T13:22:56","guid":{"rendered":"http:\/\/www.zonaroja.com.mx\/?p=8317"},"modified":"2020-02-02T07:49:42","modified_gmt":"2020-02-02T13:49:42","slug":"tres-homicidios-saldo-del-sabado-en-oaxaca","status":"publish","type":"post","link":"https:\/\/zonaroja.com.mx\/?p=8317","title":{"rendered":"Tres homicidios, saldo del s\u00e1bado en Oaxaca"},"content":{"rendered":"\n<p>Redacci\u00f3n\/Zona Roja.<\/p>\n\n\n\n<p>Oaxaca de Ju\u00e1rez, Oax., 2 de febrero de\n2020.- Tres personas perdieron la vida el primer d\u00eda de febrero de este 2020, dos\nde ellas por un accidente vehicular y una m\u00e1s por probable infarto.<\/p>\n\n\n\n<p>En la capital de Oaxaca, anoche en la\ncalle Cuahut\u00e9moc, lateral del Perif\u00e9rico, en jurisdicci\u00f3n del fraccionamiento\nTrinidad de las Huertas, fue hallada una v\u00edctima en el interior de un veh\u00edculo.<\/p>\n\n\n\n<p>La unidad qued\u00f3 a un costado de la\ncalle y presuntamente hab\u00eda chocado con el poste; de manera preliminar se\ninform\u00f3 que falleci\u00f3 a causa de un infarto.<\/p>\n\n\n\n<p>Alrededor del mediod\u00eda del s\u00e1bado, en\nel tramo de la supercarretera Salina Cruz-La Ventosa, en inmediaciones de\nCiudad Ixtepec, dos veh\u00edculos de motor se impactaron, con un saldo de dos\nmuertos y tres heridos.<\/p>\n\n\n\n<p>Se trata de un veh\u00edculo compacto marca\nChevrolet. tipo Chevy de color gris, con placas de circulaci\u00f3n TLX-82-58, y un\nveh\u00edculo compacto de color azul, marca Nissan, tipo Versa, con placas A73AUS.<\/p>\n\n\n\n<p>Seg\u00fan los reportes policiacos, las\nv\u00edctimas respondieron a los nombres de Juan Carlos R. M. y Miguel R.,\noriginarios y vecinos de la comunidad istme\u00f1a de Santiago Laollaga.<\/p>\n","protected":false},"excerpt":{"rendered":"<p>Redacci\u00f3n\/Zona Roja. Oaxaca de Ju\u00e1rez, Oax., 2 de febrero de 2020.- Tres personas perdieron la&hellip;<\/p>\n","protected":false},"author":2,"featured_media":8318,"comment_status":"closed","ping_status":"open","sticky":false,"template":"","format":"standard","meta":{"_lmt_disableupdate":"","_lmt_disable":"","_jetpack_memberships_contains_paid_content":false,"footnotes":""},"categories":[109,51],"tags":[148],"class_list":["post-8317","post","type-post","status-publish","format-standard","has-post-thumbnail","hentry","category-minuto-a-minuto","category-zona-roja","tag-oaxaca-de-juarez"],"jetpack_featured_media_url":"https:\/\/zonaroja.com.mx\/wp-content\/uploads\/2020\/02\/d6d52a23-3755-4e42-a4e8-ee176c4c3468.jpg","jetpack_sharing_enabled":true,"_links":{"self":[{"href":"https:\/\/zonaroja.com.mx\/index.php?rest_route=\/wp\/v2\/posts\/8317","targetHints":{"allow":["GET"]}}],"collection":[{"href":"https:\/\/zonaroja.com.mx\/index.php?rest_route=\/wp\/v2\/posts"}],"about":[{"href":"https:\/\/zonaroja.com.mx\/index.php?rest_route=\/wp\/v2\/types\/post"}],"author":[{"embeddable":true,"href":"https:\/\/zonaroja.com.mx\/index.php?rest_route=\/wp\/v2\/users\/2"}],"replies":[{"embeddable":true,"href":"https:\/\/zonaroja.com.mx\/index.php?rest_route=%2Fwp%2Fv2%2Fcomments&post=8317"}],"version-history":[{"count":1,"href":"https:\/\/zonaroja.com.mx\/index.php?rest_route=\/wp\/v2\/posts\/8317\/revisions"}],"predecessor-version":[{"id":8319,"href":"https:\/\/zonaroja.com.mx\/index.php?rest_route=\/wp\/v2\/posts\/8317\/revisions\/8319"}],"wp:featuredmedia":[{"embeddable":true,"href":"https:\/\/zonaroja.com.mx\/index.php?rest_route=\/wp\/v2\/media\/8318"}],"wp:attachment":[{"href":"https:\/\/zonaroja.com.mx\/index.php?rest_route=%2Fwp%2Fv2%2Fmedia&parent=8317"}],"wp:term":[{"taxonomy":"category","embeddable":true,"href":"https:\/\/zonaroja.com.mx\/index.php?rest_route=%2Fwp%2Fv2%2Fcategories&post=8317"},{"taxonomy":"post_tag","embeddable":true,"href":"https:\/\/zonaroja.com.mx\/index.php?rest_route=%2Fwp%2Fv2%2Ftags&post=8317"}],"curies":[{"name":"wp","href":"https:\/\/api.w.org\/{rel}","templated":true}]}}