{"id":83172,"date":"2025-08-05T08:37:00","date_gmt":"2025-08-05T14:37:00","guid":{"rendered":"https:\/\/zonaroja.com.mx\/?p=83172"},"modified":"2025-08-05T06:44:45","modified_gmt":"2025-08-05T12:44:45","slug":"adolece-la-universidad-autonoma-comunal-de-oaxaca-de-planta-docente-y-de-presupuesto","status":"publish","type":"post","link":"https:\/\/zonaroja.com.mx\/?p=83172","title":{"rendered":"Adolece la Universidad Aut\u00f3noma Comunal de Oaxaca de planta docente y de presupuesto\u00a0"},"content":{"rendered":"\n<p>Lisbeth Mej\u00eda Reyes\/Zona Roja.<\/p>\n\n\n\n<p>Oaxaca, Oax., a 5 de agosto de 2025.- Rigoberto V\u00e1squez, rector de la Universidad Aut\u00f3noma Comunal de Oaxaca (UACO), se\u00f1al\u00f3 que a pesar de la creciente demanda estudiantil, la instituci\u00f3n p\u00fablica a\u00fan no cuenta con la planta docente suficiente para sus 16 centros universitarios distribuidor en seis de las ocho regiones del estado.&nbsp;<\/p>\n\n\n\n<p>De alrededor de 300 docentes y m\u00e1s personal que se requiere para atender a una matr\u00edcula de aproximadamente mil 400 estudiantes, y que sigue aumentando, no se cuenta ni con la tercera parte de la plantilla.<\/p>\n\n\n\n<p>\u00abLe pedimos a las instancias correspondientes que se pueda dar un reconocimiento a este trabajo comunitario\u00bb, fue el llamado de V\u00e1squez al detallar que en la UACO hay menos empleados de los que deber\u00edan de ser.&nbsp;<\/p>\n\n\n\n<p>Lo ideal, dijo es una plantilla de \u00abarriba de 300 trabajadores para que puedan ser operativos, viable. Y en estos momentos solamente tenemos 74 trabajadores contratados formales\u00bb.<\/p>\n\n\n\n<p>A esta carencia, V\u00e1squez sum\u00f3 la insuficiencia presupuestaria, pues el monto asignado todav\u00eda es menor comparado con los de otras instituciones y universidades de la entidad que tienen una cifra menor de estudiantes.<\/p>\n\n\n\n<p>Para el ejercicio fiscal 2025, la UACO tiene asignados 18 millones 156 mil 260.18 pesos. Con esta cifra es una de las universidades con los menores montos para la educaci\u00f3n superior en el estado.&nbsp;<\/p>\n\n\n\n<p>Entre las que la rebasan en presupuesto est\u00e1n la Universidad de la Costa (con alrededor de 22 millones de pesos), la Universidad Tecnol\u00f3gica de los Valles Centrales de Oaxaca (con m\u00e1s de 47 millones), la Universidad del Mar (245 millones) y en el primer lugar est\u00e1 la Universidad Aut\u00f3noma \u201cBenito Ju\u00e1rez\u201d de Oaxaca (con casi 1, 202 millones de pesos).<\/p>\n\n\n\n<p>ANUNCIA CONGRESO<\/p>\n\n\n\n<p>Este lunes, durante la presentaci\u00f3n del tercer Congreso Internacional de Comunalidad, V\u00e1squez Garc\u00eda resalt\u00f3 el modelo educativo de la UACO, en el que el aprendizaje se da en un contexto comunitario, se da en la poblaci\u00f3n y en el que se proponen alternativas dentro de las comunidades.<\/p>\n\n\n\n<p>De acuerdo con su p\u00e1gina web, la UACO basa su proyecto educativo en una labor que comenz\u00f3 en el a\u00f1o 2000 y que empez\u00f3 a oficializarse como universidad en 2019, a fin de dar lugar a una instituci\u00f3n y marco legal. En abril de 2020 se publica su ley org\u00e1nica y entre 2022 y 2023 se realiz\u00f3 la consulta para la ley de creaci\u00f3n de la Universidad Aut\u00f3noma Comunal de Oaxaca. El 24 de febrero de 2024 se public\u00f3 la ley que di\u00f3 origen oficial a la UACO.<\/p>\n\n\n\n<p>Como parte de sus actividades, este lunes la Universidad Aut\u00f3noma Comunal de Oaxaca (UACO) anunci\u00f3 su tercer Congreso Internacional de Comunalidad, que se realizar\u00e1 del 7 al 9 de agosto pr\u00f3ximo en diversas sedes, incluyendo la capital oaxaque\u00f1a. El programa contar\u00e1 con destacados ponentes del pa\u00eds y del extranjero.<\/p>\n","protected":false},"excerpt":{"rendered":"<p>Lisbeth Mej\u00eda Reyes\/Zona Roja. Oaxaca, Oax., a 5 de agosto de 2025.- Rigoberto V\u00e1squez, rector&hellip;<\/p>\n","protected":false},"author":2,"featured_media":83173,"comment_status":"closed","ping_status":"open","sticky":false,"template":"","format":"standard","meta":{"_lmt_disableupdate":"","_lmt_disable":"","_jetpack_memberships_contains_paid_content":false,"footnotes":""},"categories":[109,46],"tags":[3362],"class_list":["post-83172","post","type-post","status-publish","format-standard","has-post-thumbnail","hentry","category-minuto-a-minuto","category-zona-blanca","tag-union-de-artesanos-y-comerciantes-oaxaquenos-uacol"],"jetpack_featured_media_url":"https:\/\/zonaroja.com.mx\/wp-content\/uploads\/2025\/08\/Rigoberto-Vasquez-UACO-Universidad-Autonoma.jpg","jetpack_sharing_enabled":true,"_links":{"self":[{"href":"https:\/\/zonaroja.com.mx\/index.php?rest_route=\/wp\/v2\/posts\/83172","targetHints":{"allow":["GET"]}}],"collection":[{"href":"https:\/\/zonaroja.com.mx\/index.php?rest_route=\/wp\/v2\/posts"}],"about":[{"href":"https:\/\/zonaroja.com.mx\/index.php?rest_route=\/wp\/v2\/types\/post"}],"author":[{"embeddable":true,"href":"https:\/\/zonaroja.com.mx\/index.php?rest_route=\/wp\/v2\/users\/2"}],"replies":[{"embeddable":true,"href":"https:\/\/zonaroja.com.mx\/index.php?rest_route=%2Fwp%2Fv2%2Fcomments&post=83172"}],"version-history":[{"count":1,"href":"https:\/\/zonaroja.com.mx\/index.php?rest_route=\/wp\/v2\/posts\/83172\/revisions"}],"predecessor-version":[{"id":83174,"href":"https:\/\/zonaroja.com.mx\/index.php?rest_route=\/wp\/v2\/posts\/83172\/revisions\/83174"}],"wp:featuredmedia":[{"embeddable":true,"href":"https:\/\/zonaroja.com.mx\/index.php?rest_route=\/wp\/v2\/media\/83173"}],"wp:attachment":[{"href":"https:\/\/zonaroja.com.mx\/index.php?rest_route=%2Fwp%2Fv2%2Fmedia&parent=83172"}],"wp:term":[{"taxonomy":"category","embeddable":true,"href":"https:\/\/zonaroja.com.mx\/index.php?rest_route=%2Fwp%2Fv2%2Fcategories&post=83172"},{"taxonomy":"post_tag","embeddable":true,"href":"https:\/\/zonaroja.com.mx\/index.php?rest_route=%2Fwp%2Fv2%2Ftags&post=83172"}],"curies":[{"name":"wp","href":"https:\/\/api.w.org\/{rel}","templated":true}]}}